{"id":3600,"date":"2011-02-28T15:50:36","date_gmt":"2011-02-28T15:50:36","guid":{"rendered":"http:\/\/www.ticmais.pt\/?p=3600"},"modified":"2011-02-28T15:50:36","modified_gmt":"2011-02-28T15:50:36","slug":"primeiro-laboratorio-de-nanofabricacao-inaugurado-a-28-de-fevereiro","status":"publish","type":"post","link":"https:\/\/www.ticmais.pt\/?p=3600","title":{"rendered":"Portugal com laborat\u00f3rio de nanofabrica\u00e7\u00e3o a partir de hoje"},"content":{"rendered":"<p style=\"text-align: justify;\"><img decoding=\"async\" class=\"alignleft\" src=\"\/\/www.ticmais.pt\/ticmais\/imagens\/Primeiro%20laboratorio%20de%20nanofabricacao%20inaugurado%20a%2028%20de%20Fevereiro.jpg\" alt=\"\" \/>O primeiro laborat\u00f3rio de nanofabrica\u00e7\u00e3o em territ\u00f3rio nacional \u00e9 hoje inaugurado, na Universidade Nova de Lisboa, em Almada. A investiga\u00e7\u00e3o ser\u00e1 aplicada a \u00e1reas como a sa\u00fade, energias renov\u00e1veis ou tecnologias da informa\u00e7\u00e3o, por exemplo. <a href=\"http:\/\/tek.sapo.pt\/noticias\/computadores\/portugal_com_laboratorio_de_nanofabricacao_a_1133211.html\" target=\"_blank\">Mais&#8230;\u00a0<\/a><\/p>\n<p style=\"text-align: justify;\"><a href=\"http:\/\/sic.sapo.pt\/online\/video\/informacao\/NoticiasVida\/2011\/2\/inaugurado-o-primeiro-laboratorio-de-nanofabricacao-em-portugal-28-02-2011-155356.htm\" target=\"_blank\"><img decoding=\"async\" src=\"\/\/www.ticmais.pt\/\/ticmais\/imagens\/Ver%20Video%201.PNG\" alt=\"\" \/><\/a><\/p>\n","protected":false},"excerpt":{"rendered":"<p>O primeiro laborat\u00f3rio de nanofabrica\u00e7\u00e3o em territ\u00f3rio nacional \u00e9 hoje inaugurado, na Universidade Nova de Lisboa, em Almada. A investiga\u00e7\u00e3o ser\u00e1 aplicada a \u00e1reas como a sa\u00fade, energias renov\u00e1veis ou tecnologias da informa\u00e7\u00e3o, por exemplo. Mais&#8230;\u00a0<\/p>\n","protected":false},"author":1,"featured_media":0,"comment_status":"closed","ping_status":"closed","sticky":false,"template":"","format":"standard","meta":{"footnotes":""},"categories":[15],"tags":[358,1631,255,1716,1717,1718,339],"class_list":["post-3600","post","type-post","status-publish","format-standard","hentry","category-tic-mais","tag-antonio-pinheiro-ticmais","tag-fct","tag-investigacao","tag-laboratorio","tag-microscopio-electronico","tag-nanofabricacao","tag-universidade"],"_links":{"self":[{"href":"https:\/\/www.ticmais.pt\/index.php?rest_route=\/wp\/v2\/posts\/3600","targetHints":{"allow":["GET"]}}],"collection":[{"href":"https:\/\/www.ticmais.pt\/index.php?rest_route=\/wp\/v2\/posts"}],"about":[{"href":"https:\/\/www.ticmais.pt\/index.php?rest_route=\/wp\/v2\/types\/post"}],"author":[{"embeddable":true,"href":"https:\/\/www.ticmais.pt\/index.php?rest_route=\/wp\/v2\/users\/1"}],"replies":[{"embeddable":true,"href":"https:\/\/www.ticmais.pt\/index.php?rest_route=%2Fwp%2Fv2%2Fcomments&post=3600"}],"version-history":[{"count":0,"href":"https:\/\/www.ticmais.pt\/index.php?rest_route=\/wp\/v2\/posts\/3600\/revisions"}],"wp:attachment":[{"href":"https:\/\/www.ticmais.pt\/index.php?rest_route=%2Fwp%2Fv2%2Fmedia&parent=3600"}],"wp:term":[{"taxonomy":"category","embeddable":true,"href":"https:\/\/www.ticmais.pt\/index.php?rest_route=%2Fwp%2Fv2%2Fcategories&post=3600"},{"taxonomy":"post_tag","embeddable":true,"href":"https:\/\/www.ticmais.pt\/index.php?rest_route=%2Fwp%2Fv2%2Ftags&post=3600"}],"curies":[{"name":"wp","href":"https:\/\/api.w.org\/{rel}","templated":true}]}}