{"id":3615,"date":"2011-02-18T19:07:39","date_gmt":"2011-02-18T19:07:39","guid":{"rendered":"http:\/\/www.ticmais.pt\/?p=3615"},"modified":"2011-02-18T19:07:39","modified_gmt":"2011-02-18T19:07:39","slug":"portugal-deve-acelerar-servicos-por-satelite","status":"publish","type":"post","link":"https:\/\/www.ticmais.pt\/?p=3615","title":{"rendered":"Portugal deve acelerar servi\u00e7os por sat\u00e9lite"},"content":{"rendered":"<p><img decoding=\"async\" class=\"alignleft\" src=\"\/\/www.ticmais.pt\/ticmais\/imagens\/Portugal%20deve%20acelerar%20servicos%20por%20satelite.jpg\" alt=\"\" \/><\/p>\n<p style=\"text-align: justify;\">Portugal dever\u00e1 acelerar a introdu\u00e7\u00e3o de servi\u00e7os m\u00f3veis por sat\u00e9lite, introduzindo as medidas legislativas necess\u00e1rias para tal.<br \/>\nEsta \u00e9 uma recomenda\u00e7\u00e3o da Comiss\u00e1ria Europeia respons\u00e1vel pela Agenda Digital. <a href=\"http:\/\/www.i-gov.org\/index.php?article=15148&amp;visual=1\" target=\"_blank\">Mais&#8230;<\/a><\/p>\n<p style=\"text-align: justify;\"><strong>Not\u00edcias relacionadas:<br \/>\n<\/strong><a href=\"http:\/\/www.ticmais.pt\/?p=3378\">UE vai lan\u00e7ar sat\u00e9lite para banda larga<br \/>\n<\/a><a href=\"Sat\u00e9lite leva Internet de banda larga a locais remotos em 2011\">Sat\u00e9lite leva Internet de banda larga a locais remotos em 2011<\/a><\/p>\n","protected":false},"excerpt":{"rendered":"<p>Portugal dever\u00e1 acelerar a introdu\u00e7\u00e3o de servi\u00e7os m\u00f3veis por sat\u00e9lite, introduzindo as medidas legislativas necess\u00e1rias para tal. Esta \u00e9 uma recomenda\u00e7\u00e3o da Comiss\u00e1ria Europeia respons\u00e1vel pela Agenda Digital. Mais&#8230; Not\u00edcias relacionadas: UE vai lan\u00e7ar sat\u00e9lite para banda larga Sat\u00e9lite leva Internet de banda larga a locais remotos em 2011<\/p>\n","protected":false},"author":1,"featured_media":0,"comment_status":"closed","ping_status":"closed","sticky":false,"template":"","format":"standard","meta":{"footnotes":""},"categories":[15],"tags":[130,358,308,34,132,1706,100,35,99],"class_list":["post-3615","post","type-post","status-publish","format-standard","hentry","category-tic-mais","tag-agenda","tag-antonio-pinheiro-ticmais","tag-digital","tag-internet","tag-portugal","tag-recomendacao","tag-satelites","tag-telecomunicacoes","tag-uniao-europeia"],"_links":{"self":[{"href":"https:\/\/www.ticmais.pt\/index.php?rest_route=\/wp\/v2\/posts\/3615","targetHints":{"allow":["GET"]}}],"collection":[{"href":"https:\/\/www.ticmais.pt\/index.php?rest_route=\/wp\/v2\/posts"}],"about":[{"href":"https:\/\/www.ticmais.pt\/index.php?rest_route=\/wp\/v2\/types\/post"}],"author":[{"embeddable":true,"href":"https:\/\/www.ticmais.pt\/index.php?rest_route=\/wp\/v2\/users\/1"}],"replies":[{"embeddable":true,"href":"https:\/\/www.ticmais.pt\/index.php?rest_route=%2Fwp%2Fv2%2Fcomments&post=3615"}],"version-history":[{"count":0,"href":"https:\/\/www.ticmais.pt\/index.php?rest_route=\/wp\/v2\/posts\/3615\/revisions"}],"wp:attachment":[{"href":"https:\/\/www.ticmais.pt\/index.php?rest_route=%2Fwp%2Fv2%2Fmedia&parent=3615"}],"wp:term":[{"taxonomy":"category","embeddable":true,"href":"https:\/\/www.ticmais.pt\/index.php?rest_route=%2Fwp%2Fv2%2Fcategories&post=3615"},{"taxonomy":"post_tag","embeddable":true,"href":"https:\/\/www.ticmais.pt\/index.php?rest_route=%2Fwp%2Fv2%2Ftags&post=3615"}],"curies":[{"name":"wp","href":"https:\/\/api.w.org\/{rel}","templated":true}]}}