{"id":3672,"date":"2011-02-24T18:00:52","date_gmt":"2011-02-24T18:00:52","guid":{"rendered":"http:\/\/www.ticmais.pt\/?p=3672"},"modified":"2011-02-24T18:00:52","modified_gmt":"2011-02-24T18:00:52","slug":"novos-macbook-pro-com-processadores-quad-core-e-tecnologia-thunderbolt","status":"publish","type":"post","link":"https:\/\/www.ticmais.pt\/?p=3672","title":{"rendered":"Novos MacBook Pro com processadores Quad-Core e tecnologia Thunderbolt"},"content":{"rendered":"<p style=\"text-align: justify;\"><img decoding=\"async\" class=\"alignleft\" src=\"\/\/www.ticmais.pt\/ticmais\/imagens\/Novos%20MacBook%20Pro%20com%20processadores%20Quad%20Core%20e%20tecnologia%20Thunderbolt.jpg\" alt=\"\" \/>A Apple apresentou hoje os novos MacBook Pro, equipados com processadores Core i5 e i7 e a tecnologia Thunderbolt da Intel, tamb\u00e9m chamada de Light Peak. Os novos port\u00e1teis da Apple tamb\u00e9m vem com uma <em>webcam HD<\/em> para videoconferencia. <a href=\"http:\/\/gadgetportugal.com\/novos-macbook-pro-com-processadores-quad-core-e-tecnologia-thunderbolt\/\" target=\"_blank\">Mais&#8230;<br \/>\n<\/a><br \/>\n<strong>Not\u00edcias relacionadas:<\/strong><br \/>\n<a href=\"http:\/\/macmagazine.com.br\/2011\/02\/25\/ifixit-publica-fotos-e-detalhes-sobre-as-entranhas-do-novo-macbook-pro-de-15-polegadas\/\" target=\"_blank\">iFixit publica fotos e detalhes sobre as entranhas do novo MacBook Pro\u00a0<\/a><\/p>\n","protected":false},"excerpt":{"rendered":"<p>A Apple apresentou hoje os novos MacBook Pro, equipados com processadores Core i5 e i7 e a tecnologia Thunderbolt da Intel, tamb\u00e9m chamada de Light Peak. Os novos port\u00e1teis da Apple tamb\u00e9m vem com uma webcam HD para videoconferencia. Mais&#8230; Not\u00edcias relacionadas: iFixit publica fotos e detalhes sobre as entranhas do novo MacBook Pro\u00a0<\/p>\n","protected":false},"author":1,"featured_media":0,"comment_status":"closed","ping_status":"closed","sticky":false,"template":"","format":"standard","meta":{"footnotes":""},"categories":[15],"tags":[103,236,1065,1066,79,1722,1723,490,155,1724,1725],"class_list":["post-3672","post","type-post","status-publish","format-standard","hentry","category-tic-mais","tag-apple","tag-computadores","tag-core-i5","tag-core-i7","tag-intel","tag-light-peak","tag-macbook-pro","tag-portateis","tag-processadores","tag-quad-core","tag-thunderbolt"],"_links":{"self":[{"href":"https:\/\/www.ticmais.pt\/index.php?rest_route=\/wp\/v2\/posts\/3672","targetHints":{"allow":["GET"]}}],"collection":[{"href":"https:\/\/www.ticmais.pt\/index.php?rest_route=\/wp\/v2\/posts"}],"about":[{"href":"https:\/\/www.ticmais.pt\/index.php?rest_route=\/wp\/v2\/types\/post"}],"author":[{"embeddable":true,"href":"https:\/\/www.ticmais.pt\/index.php?rest_route=\/wp\/v2\/users\/1"}],"replies":[{"embeddable":true,"href":"https:\/\/www.ticmais.pt\/index.php?rest_route=%2Fwp%2Fv2%2Fcomments&post=3672"}],"version-history":[{"count":0,"href":"https:\/\/www.ticmais.pt\/index.php?rest_route=\/wp\/v2\/posts\/3672\/revisions"}],"wp:attachment":[{"href":"https:\/\/www.ticmais.pt\/index.php?rest_route=%2Fwp%2Fv2%2Fmedia&parent=3672"}],"wp:term":[{"taxonomy":"category","embeddable":true,"href":"https:\/\/www.ticmais.pt\/index.php?rest_route=%2Fwp%2Fv2%2Fcategories&post=3672"},{"taxonomy":"post_tag","embeddable":true,"href":"https:\/\/www.ticmais.pt\/index.php?rest_route=%2Fwp%2Fv2%2Ftags&post=3672"}],"curies":[{"name":"wp","href":"https:\/\/api.w.org\/{rel}","templated":true}]}}