{"id":3697,"date":"2011-03-05T09:54:59","date_gmt":"2011-03-05T09:54:59","guid":{"rendered":"http:\/\/www.ticmais.pt\/?p=3697"},"modified":"2011-03-05T09:54:59","modified_gmt":"2011-03-05T09:54:59","slug":"samsung-reconsidera-preco-do-galaxy-tab-depois-de-ver-ipad-2","status":"publish","type":"post","link":"https:\/\/www.ticmais.pt\/?p=3697","title":{"rendered":"Samsung reconsidera pre\u00e7o do Galaxy Tab depois de ver iPad 2"},"content":{"rendered":"<p style=\"text-align: justify;\"><img decoding=\"async\" class=\"alignleft\" src=\"\/\/www.ticmais.pt\/ticmais\/imagens\/Samsung%20reconsidera%20preco%20do%20Galaxy%20Tab%20depois%20de%20ver%20iPad%202.jpg\" alt=\"\" \/>Lee Don-Joo, vice-presidente do departamento de equipamentos m\u00f3veis da Samsung, admitiu que a companhia poder\u00e1 ser for\u00e7ada a baixar o pre\u00e7o do tablet Galaxy Tab 10,1. <a href=\"http:\/\/aeiou.exameinformatica.pt\/samsung-reconsidera-preco-do-galaxy-tab-depois-de-ver-ipad-2=f1008840\" target=\"_blank\">Mais&#8230;<br \/>\n<\/a><\/p>\n","protected":false},"excerpt":{"rendered":"<p>Lee Don-Joo, vice-presidente do departamento de equipamentos m\u00f3veis da Samsung, admitiu que a companhia poder\u00e1 ser for\u00e7ada a baixar o pre\u00e7o do tablet Galaxy Tab 10,1. Mais&#8230;<\/p>\n","protected":false},"author":1,"featured_media":0,"comment_status":"closed","ping_status":"closed","sticky":false,"template":"","format":"standard","meta":{"footnotes":""},"categories":[15],"tags":[1733,1734,94,1707],"class_list":["post-3697","post","type-post","status-publish","format-standard","hentry","category-tic-mais","tag-galaxy-tab","tag-precariedade","tag-samsung","tag-tablets"],"_links":{"self":[{"href":"https:\/\/www.ticmais.pt\/index.php?rest_route=\/wp\/v2\/posts\/3697","targetHints":{"allow":["GET"]}}],"collection":[{"href":"https:\/\/www.ticmais.pt\/index.php?rest_route=\/wp\/v2\/posts"}],"about":[{"href":"https:\/\/www.ticmais.pt\/index.php?rest_route=\/wp\/v2\/types\/post"}],"author":[{"embeddable":true,"href":"https:\/\/www.ticmais.pt\/index.php?rest_route=\/wp\/v2\/users\/1"}],"replies":[{"embeddable":true,"href":"https:\/\/www.ticmais.pt\/index.php?rest_route=%2Fwp%2Fv2%2Fcomments&post=3697"}],"version-history":[{"count":0,"href":"https:\/\/www.ticmais.pt\/index.php?rest_route=\/wp\/v2\/posts\/3697\/revisions"}],"wp:attachment":[{"href":"https:\/\/www.ticmais.pt\/index.php?rest_route=%2Fwp%2Fv2%2Fmedia&parent=3697"}],"wp:term":[{"taxonomy":"category","embeddable":true,"href":"https:\/\/www.ticmais.pt\/index.php?rest_route=%2Fwp%2Fv2%2Fcategories&post=3697"},{"taxonomy":"post_tag","embeddable":true,"href":"https:\/\/www.ticmais.pt\/index.php?rest_route=%2Fwp%2Fv2%2Ftags&post=3697"}],"curies":[{"name":"wp","href":"https:\/\/api.w.org\/{rel}","templated":true}]}}