{"id":3701,"date":"2020-04-16T08:55:04","date_gmt":"2020-04-16T07:55:04","guid":{"rendered":"http:\/\/www.ticmais.pt\/?p=3701"},"modified":"2020-04-17T00:38:46","modified_gmt":"2020-04-16T23:38:46","slug":"ticmaisde-dezembro-de-2006-a-marco-de-2011","status":"publish","type":"post","link":"https:\/\/www.ticmais.pt\/?p=3701","title":{"rendered":"&#8220;ticMAIS&#8221; a caminho dos 2 milh\u00f5es de visitas"},"content":{"rendered":"<p><img decoding=\"async\" class=\"alignleft\" src=\"https:\/\/www.ticmais.pt\/ticmais\/imagens\/TICMAISG.png\" \/><\/p>\n<p style=\"text-align: justify;\">Parece que foi ontem, mas j\u00e1 13 anos se passaram desde o nascimento do &#8220;ticMAIS&#8221;.\u00a0\u00a0Diariamente se renova a esperan\u00e7a de que o nosso trabalho possa prosseguir os seus prop\u00f3sitos: &#8220;<em><strong>por uma maior aposta na sociedade do conhecimento e no ambiente<\/strong><\/em>&#8220;.<br \/>\nCom uma presen\u00e7a di\u00e1ria na <em>net<\/em>, vamos a caminho dos<b> 2 milh\u00f5es de visitas<\/b>. N\u00e3o tem sido f\u00e1cil, muitas horas dedicadas, mas aqueles que nos acompanham dia-a-dia s\u00e3o a nossa grande recompensa. O nosso agradecimento e as maiores felicidades para todos. <a href=\"https:\/\/www.ticmais.pt\/?tag=ticmais\">Not\u00edcias Movimento e-Coruche<\/a><\/p>\n<p style=\"text-align: justify;\"><a href=\"http:\/\/www.ticmais.pt\/?p=1234\"><img decoding=\"async\" src=\"\/\/www.ticmais.pt\/ticmais\/imagens\/ticmaislogomini.png\" alt=\"\" \/><\/a><\/p>\n<p style=\"text-align: justify;\">\n","protected":false},"excerpt":{"rendered":"<p>Parece que foi ontem, mas j\u00e1 13 anos se passaram desde o nascimento do &#8220;ticMAIS&#8221;.\u00a0\u00a0Diariamente se renova a esperan\u00e7a de que o nosso trabalho possa prosseguir os seus prop\u00f3sitos: &#8220;por uma maior aposta na sociedade do conhecimento e no ambiente&#8220;. Com uma presen\u00e7a di\u00e1ria na net, vamos a caminho dos 2 milh\u00f5es de visitas. N\u00e3o [&hellip;]<\/p>\n","protected":false},"author":1,"featured_media":0,"comment_status":"closed","ping_status":"closed","sticky":false,"template":"","format":"standard","meta":{"footnotes":""},"categories":[15],"tags":[2,4,5,6,25,7,26,34,11,12,19,28,16],"class_list":["post-3701","post","type-post","status-publish","format-standard","hentry","category-tic-mais","tag-antonio-pinheiro-da-costa","tag-cantanhede","tag-cidadania","tag-coruche","tag-ecologia-e-desenvolvimento-sustentavel","tag-egov","tag-energias-renovaveis","tag-internet","tag-movimento-de-cidadania","tag-municipios","tag-sociedade-do-conhecinentoda-informacao","tag-tecnologia","tag-ticmais"],"_links":{"self":[{"href":"https:\/\/www.ticmais.pt\/index.php?rest_route=\/wp\/v2\/posts\/3701","targetHints":{"allow":["GET"]}}],"collection":[{"href":"https:\/\/www.ticmais.pt\/index.php?rest_route=\/wp\/v2\/posts"}],"about":[{"href":"https:\/\/www.ticmais.pt\/index.php?rest_route=\/wp\/v2\/types\/post"}],"author":[{"embeddable":true,"href":"https:\/\/www.ticmais.pt\/index.php?rest_route=\/wp\/v2\/users\/1"}],"replies":[{"embeddable":true,"href":"https:\/\/www.ticmais.pt\/index.php?rest_route=%2Fwp%2Fv2%2Fcomments&post=3701"}],"version-history":[{"count":0,"href":"https:\/\/www.ticmais.pt\/index.php?rest_route=\/wp\/v2\/posts\/3701\/revisions"}],"wp:attachment":[{"href":"https:\/\/www.ticmais.pt\/index.php?rest_route=%2Fwp%2Fv2%2Fmedia&parent=3701"}],"wp:term":[{"taxonomy":"category","embeddable":true,"href":"https:\/\/www.ticmais.pt\/index.php?rest_route=%2Fwp%2Fv2%2Fcategories&post=3701"},{"taxonomy":"post_tag","embeddable":true,"href":"https:\/\/www.ticmais.pt\/index.php?rest_route=%2Fwp%2Fv2%2Ftags&post=3701"}],"curies":[{"name":"wp","href":"https:\/\/api.w.org\/{rel}","templated":true}]}}