{"id":3711,"date":"2011-03-15T20:57:11","date_gmt":"2011-03-15T20:57:11","guid":{"rendered":"http:\/\/www.ticmais.pt\/?p=3711"},"modified":"2011-03-15T20:57:11","modified_gmt":"2011-03-15T20:57:11","slug":"almada-vence-premio-da-semana-europeia-da-mobilidade-2010","status":"publish","type":"post","link":"https:\/\/www.ticmais.pt\/?p=3711","title":{"rendered":"Almada vence pr\u00e9mio da Semana Europeia da Mobilidade 2010"},"content":{"rendered":"<p style=\"text-align: justify;\"><img decoding=\"async\" class=\"alignleft\" src=\"\/\/www.ticmais.pt\/ticmais\/imagens\/Almada%20vence%20premio%20da%20Semana%20Europeia%20da%20Mobilidade%202010.jpg\" alt=\"\" \/><\/p>\n<p style=\"text-align: justify;\">Das mais de 2.200 cidades europeias que aderiram \u00e0 Semana Europeia da Mobilidade em 2010, Almada foi a que mais fez pela promo\u00e7\u00e3o das alternativas ao uso do autom\u00f3vel. Quem o disse foi um conjunto de peritos em mobilidade que ontem anunciaram os vencedores do pr\u00e9mio promovido pela Comiss\u00e3o Europeia. <a href=\"http:\/\/sol.sapo.pt\/inicio\/Sociedade\/Interior.aspx?content_id=14190\" target=\"_blank\">Mais&#8230;<\/a><\/p>\n","protected":false},"excerpt":{"rendered":"<p>Das mais de 2.200 cidades europeias que aderiram \u00e0 Semana Europeia da Mobilidade em 2010, Almada foi a que mais fez pela promo\u00e7\u00e3o das alternativas ao uso do autom\u00f3vel. Quem o disse foi um conjunto de peritos em mobilidade que ontem anunciaram os vencedores do pr\u00e9mio promovido pela Comiss\u00e3o Europeia. Mais&#8230;<\/p>\n","protected":false},"author":1,"featured_media":0,"comment_status":"closed","ping_status":"closed","sticky":false,"template":"","format":"standard","meta":{"footnotes":""},"categories":[15],"tags":[1739,202,1740],"class_list":["post-3711","post","type-post","status-publish","format-standard","hentry","category-tic-mais","tag-almada","tag-mobilidade","tag-semana-europeia"],"_links":{"self":[{"href":"https:\/\/www.ticmais.pt\/index.php?rest_route=\/wp\/v2\/posts\/3711","targetHints":{"allow":["GET"]}}],"collection":[{"href":"https:\/\/www.ticmais.pt\/index.php?rest_route=\/wp\/v2\/posts"}],"about":[{"href":"https:\/\/www.ticmais.pt\/index.php?rest_route=\/wp\/v2\/types\/post"}],"author":[{"embeddable":true,"href":"https:\/\/www.ticmais.pt\/index.php?rest_route=\/wp\/v2\/users\/1"}],"replies":[{"embeddable":true,"href":"https:\/\/www.ticmais.pt\/index.php?rest_route=%2Fwp%2Fv2%2Fcomments&post=3711"}],"version-history":[{"count":0,"href":"https:\/\/www.ticmais.pt\/index.php?rest_route=\/wp\/v2\/posts\/3711\/revisions"}],"wp:attachment":[{"href":"https:\/\/www.ticmais.pt\/index.php?rest_route=%2Fwp%2Fv2%2Fmedia&parent=3711"}],"wp:term":[{"taxonomy":"category","embeddable":true,"href":"https:\/\/www.ticmais.pt\/index.php?rest_route=%2Fwp%2Fv2%2Fcategories&post=3711"},{"taxonomy":"post_tag","embeddable":true,"href":"https:\/\/www.ticmais.pt\/index.php?rest_route=%2Fwp%2Fv2%2Ftags&post=3711"}],"curies":[{"name":"wp","href":"https:\/\/api.w.org\/{rel}","templated":true}]}}