{"id":3716,"date":"2011-03-21T08:47:45","date_gmt":"2011-03-21T08:47:45","guid":{"rendered":"http:\/\/www.ticmais.pt\/?p=3716"},"modified":"2011-03-21T08:47:45","modified_gmt":"2011-03-21T08:47:45","slug":"mini-portateis-e-tablets-low-cost-a-chegar","status":"publish","type":"post","link":"https:\/\/www.ticmais.pt\/?p=3716","title":{"rendered":"Mini port\u00e1teis e tablets \u00ablow cost\u00bb a chegar"},"content":{"rendered":"<p style=\"text-align: justify;\"><img decoding=\"async\" class=\"alignleft\" src=\"\/\/www.ticmais.pt\/ticmais\/imagens\/Mini%20portateis%20e%20tablets%20%20low%20cost%20%20a%20chegar.jpg\" alt=\"\" \/><\/p>\n<p style=\"text-align: justify;\"><strong>Marcas abrem guerra ao iPad 2 da Apple. Trunfo \u00e9 o pre\u00e7o<\/strong><\/p>\n<p style=\"text-align: justify;\">O iPad 2 chega ao mercado j\u00e1 esta semana, no dia 25 de Mar\u00e7o, com o mesmo pre\u00e7o da primeira vers\u00e3o. Com o mercado dos tablets a ferver, h\u00e1 quem queira destronar o dom\u00ednio do tesouro da Apple. A moda dos \u00ablow cost\u00bb est\u00e1 a chegar tamb\u00e9m aos tablets e aos mini port\u00e1teis. <a href=\"http:\/\/www.agenciafinanceira.iol.pt\/media-e-tecnologia\/tablets-mini-portateis-portateis-ipad-2-motorola-agencia-financeira\/1240789-2974.html\" target=\"_blank\">Mais&#8230;<\/a><\/p>\n","protected":false},"excerpt":{"rendered":"<p>Marcas abrem guerra ao iPad 2 da Apple. Trunfo \u00e9 o pre\u00e7o O iPad 2 chega ao mercado j\u00e1 esta semana, no dia 25 de Mar\u00e7o, com o mesmo pre\u00e7o da primeira vers\u00e3o. Com o mercado dos tablets a ferver, h\u00e1 quem queira destronar o dom\u00ednio do tesouro da Apple. A moda dos \u00ablow cost\u00bb [&hellip;]<\/p>\n","protected":false},"author":1,"featured_media":0,"comment_status":"closed","ping_status":"closed","sticky":false,"template":"","format":"standard","meta":{"footnotes":""},"categories":[15],"tags":[1123,237,1707],"class_list":["post-3716","post","type-post","status-publish","format-standard","hentry","category-tic-mais","tag-low-cost","tag-mini-portateis","tag-tablets"],"_links":{"self":[{"href":"https:\/\/www.ticmais.pt\/index.php?rest_route=\/wp\/v2\/posts\/3716","targetHints":{"allow":["GET"]}}],"collection":[{"href":"https:\/\/www.ticmais.pt\/index.php?rest_route=\/wp\/v2\/posts"}],"about":[{"href":"https:\/\/www.ticmais.pt\/index.php?rest_route=\/wp\/v2\/types\/post"}],"author":[{"embeddable":true,"href":"https:\/\/www.ticmais.pt\/index.php?rest_route=\/wp\/v2\/users\/1"}],"replies":[{"embeddable":true,"href":"https:\/\/www.ticmais.pt\/index.php?rest_route=%2Fwp%2Fv2%2Fcomments&post=3716"}],"version-history":[{"count":0,"href":"https:\/\/www.ticmais.pt\/index.php?rest_route=\/wp\/v2\/posts\/3716\/revisions"}],"wp:attachment":[{"href":"https:\/\/www.ticmais.pt\/index.php?rest_route=%2Fwp%2Fv2%2Fmedia&parent=3716"}],"wp:term":[{"taxonomy":"category","embeddable":true,"href":"https:\/\/www.ticmais.pt\/index.php?rest_route=%2Fwp%2Fv2%2Fcategories&post=3716"},{"taxonomy":"post_tag","embeddable":true,"href":"https:\/\/www.ticmais.pt\/index.php?rest_route=%2Fwp%2Fv2%2Ftags&post=3716"}],"curies":[{"name":"wp","href":"https:\/\/api.w.org\/{rel}","templated":true}]}}