{"id":3728,"date":"2011-03-26T21:18:32","date_gmt":"2011-03-26T21:18:32","guid":{"rendered":"http:\/\/www.ticmais.pt\/?p=3728"},"modified":"2011-03-26T21:18:32","modified_gmt":"2011-03-26T21:18:32","slug":"islandia-o-povo-e-quem-mais-ordena-e-ja-tirou-o-pais-da-recessao","status":"publish","type":"post","link":"https:\/\/www.ticmais.pt\/?p=3728","title":{"rendered":"Isl\u00e2ndia. O povo \u00e9 quem mais ordena. E j\u00e1 tirou o pa\u00eds da recess\u00e3o"},"content":{"rendered":"<p style=\"text-align: justify;\"><img decoding=\"async\" class=\"alignleft\" src=\"\/\/www.ticmais.pt\/ticmais\/imagens\/Islandia%20O%20povo%20e%20quem%20mais%20ordena%20%20E%20ja%20tirou%20o%20pais%20da%20recessao.jpg\" alt=\"\" \/><\/p>\n<p style=\"text-align: justify;\"><strong>A crise levou os islandeses a mudar de governo e a chumbar o resgate dos bancos. Mas o exemplo de democracia n\u00e3o tem tido cobertura.<\/strong><\/p>\n<p>Os protestos populares, quando surgem, s\u00e3o para ser levados at\u00e9 ao fim. Quem o mostra s\u00e3o os islandeses, cuja ac\u00e7\u00e3o popular sem precedentes levou \u00e0 queda do governo conservador, \u00e0 press\u00e3o por altera\u00e7\u00f5es \u00e0 Constitui\u00e7\u00e3o (j\u00e1 encaminhadas) e \u00e0 ida \u00e0s urnas em massa para chumbar o resgate dos bancos. <a href=\"http:\/\/www.ionline.pt\/conteudo\/113267-islandia-o-povo-e-quem-mais-ordena-e-ja-tirou-o-pais-da-recessao\" target=\"_blank\">Mais&#8230;<\/a><\/p>\n","protected":false},"excerpt":{"rendered":"<p>A crise levou os islandeses a mudar de governo e a chumbar o resgate dos bancos. Mas o exemplo de democracia n\u00e3o tem tido cobertura. Os protestos populares, quando surgem, s\u00e3o para ser levados at\u00e9 ao fim. Quem o mostra s\u00e3o os islandeses, cuja ac\u00e7\u00e3o popular sem precedentes levou \u00e0 queda do governo conservador, \u00e0 [&hellip;]<\/p>\n","protected":false},"author":1,"featured_media":0,"comment_status":"closed","ping_status":"closed","sticky":false,"template":"","format":"standard","meta":{"footnotes":""},"categories":[15],"tags":[245,246,1742,1288],"class_list":["post-3728","post","type-post","status-publish","format-standard","hentry","category-tic-mais","tag-crise","tag-financeira","tag-islandia","tag-populacao"],"_links":{"self":[{"href":"https:\/\/www.ticmais.pt\/index.php?rest_route=\/wp\/v2\/posts\/3728","targetHints":{"allow":["GET"]}}],"collection":[{"href":"https:\/\/www.ticmais.pt\/index.php?rest_route=\/wp\/v2\/posts"}],"about":[{"href":"https:\/\/www.ticmais.pt\/index.php?rest_route=\/wp\/v2\/types\/post"}],"author":[{"embeddable":true,"href":"https:\/\/www.ticmais.pt\/index.php?rest_route=\/wp\/v2\/users\/1"}],"replies":[{"embeddable":true,"href":"https:\/\/www.ticmais.pt\/index.php?rest_route=%2Fwp%2Fv2%2Fcomments&post=3728"}],"version-history":[{"count":0,"href":"https:\/\/www.ticmais.pt\/index.php?rest_route=\/wp\/v2\/posts\/3728\/revisions"}],"wp:attachment":[{"href":"https:\/\/www.ticmais.pt\/index.php?rest_route=%2Fwp%2Fv2%2Fmedia&parent=3728"}],"wp:term":[{"taxonomy":"category","embeddable":true,"href":"https:\/\/www.ticmais.pt\/index.php?rest_route=%2Fwp%2Fv2%2Fcategories&post=3728"},{"taxonomy":"post_tag","embeddable":true,"href":"https:\/\/www.ticmais.pt\/index.php?rest_route=%2Fwp%2Fv2%2Ftags&post=3728"}],"curies":[{"name":"wp","href":"https:\/\/api.w.org\/{rel}","templated":true}]}}