{"id":3741,"date":"2011-03-30T07:09:08","date_gmt":"2011-03-30T07:09:08","guid":{"rendered":"http:\/\/www.ticmais.pt\/?p=3741"},"modified":"2011-03-30T07:09:08","modified_gmt":"2011-03-30T07:09:08","slug":"cidades-e-regioes-inteligentes","status":"publish","type":"post","link":"https:\/\/www.ticmais.pt\/?p=3741","title":{"rendered":"Cidades e Regi\u00f5es Inteligentes"},"content":{"rendered":"<p style=\"text-align: justify;\"><img decoding=\"async\" class=\"alignleft\" src=\"\/\/www.ticmais.pt\/ticmais\/imagens\/Cidades%20e%20Regioes%20Inteligentes.jpg\" alt=\"\" \/>As conclus\u00f5es associadas \u00e0 implementa\u00e7\u00e3o do Projecto &#8220;Cidades e Regi\u00f5es Digitais&#8221;, que decorreu um pouco por todo o pa\u00eds, envolvendo &#8220;redes integradas de coopera\u00e7\u00e3o territorial&#8221; (Munic\u00edpios, Universidades, Centros I&amp;D, Empresas, Sociedade Civil), s\u00e3o a melhor demonstra\u00e7\u00e3o de que em 2011, apesar de todas as pol\u00edticas p\u00fablicas e estrat\u00e9gias tendo em vista a moderniza\u00e7\u00e3o do territ\u00f3rio portugu\u00eas, o pa\u00eds teima em n\u00e3o conseguir assumir uma din\u00e2mica de &#8220;salto em frente&#8221; para o futuro tendo por base os factores din\u00e2micos da inova\u00e7\u00e3o e competitividade.\u00a0<a href=\"http:\/\/tek.sapo.pt\/opiniao\/opiniao_cidades_e_regioes_inteligentes_1140511.html\" target=\"_blank\">Mais&#8230;<\/a><\/p>\n<p style=\"text-align: justify;\">\n","protected":false},"excerpt":{"rendered":"<p>As conclus\u00f5es associadas \u00e0 implementa\u00e7\u00e3o do Projecto &#8220;Cidades e Regi\u00f5es Digitais&#8221;, que decorreu um pouco por todo o pa\u00eds, envolvendo &#8220;redes integradas de coopera\u00e7\u00e3o territorial&#8221; (Munic\u00edpios, Universidades, Centros I&amp;D, Empresas, Sociedade Civil), s\u00e3o a melhor demonstra\u00e7\u00e3o de que em 2011, apesar de todas as pol\u00edticas p\u00fablicas e estrat\u00e9gias tendo em vista a moderniza\u00e7\u00e3o do territ\u00f3rio [&hellip;]<\/p>\n","protected":false},"author":1,"featured_media":0,"comment_status":"closed","ping_status":"closed","sticky":false,"template":"","format":"standard","meta":{"footnotes":""},"categories":[15],"tags":[938,1747,22,1748,1749,1750],"class_list":["post-3741","post","type-post","status-publish","format-standard","hentry","category-tic-mais","tag-cidades","tag-francisco-jaime-quesado","tag-inovacao","tag-modernizacao","tag-opiniao","tag-regioes-digitais"],"_links":{"self":[{"href":"https:\/\/www.ticmais.pt\/index.php?rest_route=\/wp\/v2\/posts\/3741","targetHints":{"allow":["GET"]}}],"collection":[{"href":"https:\/\/www.ticmais.pt\/index.php?rest_route=\/wp\/v2\/posts"}],"about":[{"href":"https:\/\/www.ticmais.pt\/index.php?rest_route=\/wp\/v2\/types\/post"}],"author":[{"embeddable":true,"href":"https:\/\/www.ticmais.pt\/index.php?rest_route=\/wp\/v2\/users\/1"}],"replies":[{"embeddable":true,"href":"https:\/\/www.ticmais.pt\/index.php?rest_route=%2Fwp%2Fv2%2Fcomments&post=3741"}],"version-history":[{"count":0,"href":"https:\/\/www.ticmais.pt\/index.php?rest_route=\/wp\/v2\/posts\/3741\/revisions"}],"wp:attachment":[{"href":"https:\/\/www.ticmais.pt\/index.php?rest_route=%2Fwp%2Fv2%2Fmedia&parent=3741"}],"wp:term":[{"taxonomy":"category","embeddable":true,"href":"https:\/\/www.ticmais.pt\/index.php?rest_route=%2Fwp%2Fv2%2Fcategories&post=3741"},{"taxonomy":"post_tag","embeddable":true,"href":"https:\/\/www.ticmais.pt\/index.php?rest_route=%2Fwp%2Fv2%2Ftags&post=3741"}],"curies":[{"name":"wp","href":"https:\/\/api.w.org\/{rel}","templated":true}]}}