{"id":3743,"date":"2011-03-30T15:01:25","date_gmt":"2011-03-30T15:01:25","guid":{"rendered":"http:\/\/www.ticmais.pt\/?p=3743"},"modified":"2011-03-30T15:01:25","modified_gmt":"2011-03-30T15:01:25","slug":"china-vai-receber-projeto-portugues-mobi-e","status":"publish","type":"post","link":"https:\/\/www.ticmais.pt\/?p=3743","title":{"rendered":"China vai receber projeto portugu\u00eas Mobi.e"},"content":{"rendered":"<p style=\"text-align: justify;\"><img decoding=\"async\" class=\"alignleft\" src=\"\/\/www.ticmais.pt\/ticmais\/imagens\/China%20vai%20receber%20projeto%20portugues%20Mobi.e.jpg\" alt=\"\" \/><\/p>\n<p style=\"text-align: justify;\">&#8220;O Mobi.e foi o parceiro escolhido para montar o projeto de mobilidade el\u00e9trica em Xangai&#8221;, referiu Jo\u00e3o Dias durante a confer\u00eancia de Neg\u00f3cios sobre Mobilidade El\u00e9trica, em declara\u00e7\u00f5es reproduzidas pelo Jornal de Neg\u00f3cios. Jo\u00e3o Dias afirmou ainda que o Mobi.e tem levantado &#8220;um grande interesse a n\u00edvel internacional&#8221;. <a href=\"http:\/\/aeiou.exameinformatica.pt\/china-vai-receber-projeto-portugues-mobie=f1009128\" target=\"_blank\">Mais&#8230;<\/a><\/p>\n<p style=\"text-align: justify;\">\n","protected":false},"excerpt":{"rendered":"<p>&#8220;O Mobi.e foi o parceiro escolhido para montar o projeto de mobilidade el\u00e9trica em Xangai&#8221;, referiu Jo\u00e3o Dias durante a confer\u00eancia de Neg\u00f3cios sobre Mobilidade El\u00e9trica, em declara\u00e7\u00f5es reproduzidas pelo Jornal de Neg\u00f3cios. Jo\u00e3o Dias afirmou ainda que o Mobi.e tem levantado &#8220;um grande interesse a n\u00edvel internacional&#8221;. Mais&#8230;<\/p>\n","protected":false},"author":1,"featured_media":0,"comment_status":"closed","ping_status":"closed","sticky":false,"template":"","format":"standard","meta":{"footnotes":""},"categories":[15],"tags":[574,1754,1755,1756,202],"class_list":["post-3743","post","type-post","status-publish","format-standard","hentry","category-tic-mais","tag-china","tag-eletrica","tag-internacionalizacao","tag-mobi-e","tag-mobilidade"],"_links":{"self":[{"href":"https:\/\/www.ticmais.pt\/index.php?rest_route=\/wp\/v2\/posts\/3743","targetHints":{"allow":["GET"]}}],"collection":[{"href":"https:\/\/www.ticmais.pt\/index.php?rest_route=\/wp\/v2\/posts"}],"about":[{"href":"https:\/\/www.ticmais.pt\/index.php?rest_route=\/wp\/v2\/types\/post"}],"author":[{"embeddable":true,"href":"https:\/\/www.ticmais.pt\/index.php?rest_route=\/wp\/v2\/users\/1"}],"replies":[{"embeddable":true,"href":"https:\/\/www.ticmais.pt\/index.php?rest_route=%2Fwp%2Fv2%2Fcomments&post=3743"}],"version-history":[{"count":0,"href":"https:\/\/www.ticmais.pt\/index.php?rest_route=\/wp\/v2\/posts\/3743\/revisions"}],"wp:attachment":[{"href":"https:\/\/www.ticmais.pt\/index.php?rest_route=%2Fwp%2Fv2%2Fmedia&parent=3743"}],"wp:term":[{"taxonomy":"category","embeddable":true,"href":"https:\/\/www.ticmais.pt\/index.php?rest_route=%2Fwp%2Fv2%2Fcategories&post=3743"},{"taxonomy":"post_tag","embeddable":true,"href":"https:\/\/www.ticmais.pt\/index.php?rest_route=%2Fwp%2Fv2%2Ftags&post=3743"}],"curies":[{"name":"wp","href":"https:\/\/api.w.org\/{rel}","templated":true}]}}