{"id":3770,"date":"2011-04-11T17:48:29","date_gmt":"2011-04-11T17:48:29","guid":{"rendered":"http:\/\/www.ticmais.pt\/?p=3770"},"modified":"2011-04-11T17:48:29","modified_gmt":"2011-04-11T17:48:29","slug":"krugman-acusa-bce-de-castigar-perifericos-em-favor-da-alemanha","status":"publish","type":"post","link":"https:\/\/www.ticmais.pt\/?p=3770","title":{"rendered":"Krugman acusa BCE de castigar perif\u00e9ricos em favor da Alemanha"},"content":{"rendered":"<p style=\"text-align: justify;\"><img decoding=\"async\" class=\"alignleft\" src=\"\/\/www.ticmais.pt\/ticmais\/imagens\/Krugman acusa BCE de castigar perifericos em favor da Alemanha.jpg\" alt=\"\" \/>O Nobel da economia, Paul Krugman, tem lan\u00e7ado uma s\u00e9rie de ataques \u00e0 pol\u00edtica do BCE. Em sucessivos \u2018posts&#8217; no seu blogue, o economista defende que &#8220;o BCE est\u00e1 a exigir a remo\u00e7\u00e3o dos desequil\u00edbrios de competitividade via defla\u00e7\u00e3o no sul, e nada atrav\u00e9s de infla\u00e7\u00e3o na Alemanha&#8221;. Diz mesmo que a pol\u00edtica monet\u00e1ria est\u00e1 a servir \u00fanica e exclusivamente a Alemanha. <a href=\"http:\/\/economico.sapo.pt\/noticias\/krugman-acusa-bce-de-castigar-perifericos-em-favor-da-alemanha_115721.html\" target=\"_blank\">Mais&#8230;<\/a><\/p>\n<p style=\"text-align: justify;\"><strong>Not\u00edcias relacionadas:<\/strong><br \/>\n<a href=\"http:\/\/economico.sapo.pt\/noticias\/desemprego-vai-atingir-os-124-no-proximo-ano_115706.html\" target=\"_blank\">Desemprego vai atingir os 12,4% no pr\u00f3ximo ano<\/a><\/p>\n<p style=\"text-align: justify;\">\n","protected":false},"excerpt":{"rendered":"<p>O Nobel da economia, Paul Krugman, tem lan\u00e7ado uma s\u00e9rie de ataques \u00e0 pol\u00edtica do BCE. Em sucessivos \u2018posts&#8217; no seu blogue, o economista defende que &#8220;o BCE est\u00e1 a exigir a remo\u00e7\u00e3o dos desequil\u00edbrios de competitividade via defla\u00e7\u00e3o no sul, e nada atrav\u00e9s de infla\u00e7\u00e3o na Alemanha&#8221;. Diz mesmo que a pol\u00edtica monet\u00e1ria est\u00e1 [&hellip;]<\/p>\n","protected":false},"author":1,"featured_media":0,"comment_status":"closed","ping_status":"closed","sticky":false,"template":"","format":"standard","meta":{"footnotes":""},"categories":[15],"tags":[245,252,1763,1764,132,451,99],"class_list":["post-3770","post","type-post","status-publish","format-standard","hentry","category-tic-mais","tag-crise","tag-economia","tag-euro","tag-paises-perifericos","tag-portugal","tag-premio-nobel","tag-uniao-europeia"],"_links":{"self":[{"href":"https:\/\/www.ticmais.pt\/index.php?rest_route=\/wp\/v2\/posts\/3770","targetHints":{"allow":["GET"]}}],"collection":[{"href":"https:\/\/www.ticmais.pt\/index.php?rest_route=\/wp\/v2\/posts"}],"about":[{"href":"https:\/\/www.ticmais.pt\/index.php?rest_route=\/wp\/v2\/types\/post"}],"author":[{"embeddable":true,"href":"https:\/\/www.ticmais.pt\/index.php?rest_route=\/wp\/v2\/users\/1"}],"replies":[{"embeddable":true,"href":"https:\/\/www.ticmais.pt\/index.php?rest_route=%2Fwp%2Fv2%2Fcomments&post=3770"}],"version-history":[{"count":0,"href":"https:\/\/www.ticmais.pt\/index.php?rest_route=\/wp\/v2\/posts\/3770\/revisions"}],"wp:attachment":[{"href":"https:\/\/www.ticmais.pt\/index.php?rest_route=%2Fwp%2Fv2%2Fmedia&parent=3770"}],"wp:term":[{"taxonomy":"category","embeddable":true,"href":"https:\/\/www.ticmais.pt\/index.php?rest_route=%2Fwp%2Fv2%2Fcategories&post=3770"},{"taxonomy":"post_tag","embeddable":true,"href":"https:\/\/www.ticmais.pt\/index.php?rest_route=%2Fwp%2Fv2%2Ftags&post=3770"}],"curies":[{"name":"wp","href":"https:\/\/api.w.org\/{rel}","templated":true}]}}