{"id":3786,"date":"2011-04-16T01:34:47","date_gmt":"2011-04-16T01:34:47","guid":{"rendered":"http:\/\/www.ticmais.pt\/?p=3786"},"modified":"2011-04-16T01:34:47","modified_gmt":"2011-04-16T01:34:47","slug":"protesto-nascido-no-facebook-vira-marca-registada","status":"publish","type":"post","link":"https:\/\/www.ticmais.pt\/?p=3786","title":{"rendered":"Protesto nascido no Facebook vira marca registada"},"content":{"rendered":"<p><img decoding=\"async\" class=\"alignleft\" src=\"\/\/www.ticmais.pt\/ticmais\/imagens\/Protesto nascido no Facebook vira marca registada.jpg\" alt=\"\" \/>Al\u00e9m de terem registado a express\u00e3o &#8220;Gera\u00e7\u00e3o \u00c0 Rasca&#8221;, os criadores do protesto nascido no Facebook decidiram mudar de nome e fundar o Movimento 12 de Mar\u00e7o, dia que assinalou a concretiza\u00e7\u00e3o da iniciativa. <a href=\"http:\/\/tek.sapo.pt\/noticias\/internet\/protesto_nascido_no_facebook_vira_marca_regis_1145446.html\" target=\"_blank\">Mais&#8230;<\/a><\/p>\n","protected":false},"excerpt":{"rendered":"<p>Al\u00e9m de terem registado a express\u00e3o &#8220;Gera\u00e7\u00e3o \u00c0 Rasca&#8221;, os criadores do protesto nascido no Facebook decidiram mudar de nome e fundar o Movimento 12 de Mar\u00e7o, dia que assinalou a concretiza\u00e7\u00e3o da iniciativa. Mais&#8230;<\/p>\n","protected":false},"author":1,"featured_media":0,"comment_status":"closed","ping_status":"closed","sticky":false,"template":"","format":"standard","meta":{"footnotes":""},"categories":[15],"tags":[44,34,153,1778],"class_list":["post-3786","post","type-post","status-publish","format-standard","hentry","category-tic-mais","tag-geracao-a-rasca","tag-internet","tag-redes-sociais","tag-registada"],"_links":{"self":[{"href":"https:\/\/www.ticmais.pt\/index.php?rest_route=\/wp\/v2\/posts\/3786","targetHints":{"allow":["GET"]}}],"collection":[{"href":"https:\/\/www.ticmais.pt\/index.php?rest_route=\/wp\/v2\/posts"}],"about":[{"href":"https:\/\/www.ticmais.pt\/index.php?rest_route=\/wp\/v2\/types\/post"}],"author":[{"embeddable":true,"href":"https:\/\/www.ticmais.pt\/index.php?rest_route=\/wp\/v2\/users\/1"}],"replies":[{"embeddable":true,"href":"https:\/\/www.ticmais.pt\/index.php?rest_route=%2Fwp%2Fv2%2Fcomments&post=3786"}],"version-history":[{"count":0,"href":"https:\/\/www.ticmais.pt\/index.php?rest_route=\/wp\/v2\/posts\/3786\/revisions"}],"wp:attachment":[{"href":"https:\/\/www.ticmais.pt\/index.php?rest_route=%2Fwp%2Fv2%2Fmedia&parent=3786"}],"wp:term":[{"taxonomy":"category","embeddable":true,"href":"https:\/\/www.ticmais.pt\/index.php?rest_route=%2Fwp%2Fv2%2Fcategories&post=3786"},{"taxonomy":"post_tag","embeddable":true,"href":"https:\/\/www.ticmais.pt\/index.php?rest_route=%2Fwp%2Fv2%2Ftags&post=3786"}],"curies":[{"name":"wp","href":"https:\/\/api.w.org\/{rel}","templated":true}]}}