{"id":3792,"date":"2011-04-19T08:53:28","date_gmt":"2011-04-19T08:53:28","guid":{"rendered":"http:\/\/www.ticmais.pt\/?p=3792"},"modified":"2011-04-19T08:53:28","modified_gmt":"2011-04-19T08:53:28","slug":"bruxelas-reve-directiva-sobre-retencao-de-dados","status":"publish","type":"post","link":"https:\/\/www.ticmais.pt\/?p=3792","title":{"rendered":"Bruxelas rev\u00ea directiva sobre reten\u00e7\u00e3o de dados"},"content":{"rendered":"<p style=\"text-align: justify;\"><img decoding=\"async\" class=\"alignleft\" src=\"\/\/www.ticmais.pt\/ticmais\/imagens\/Bruxelas reve directiva sobre retencao de dados.jpg\" alt=\"\" \/>A Comiss\u00e3o Europeia vai rever a Directiva relativa \u00e0 reten\u00e7\u00e3o de dados. A decis\u00e3o vem no seguimento de um relat\u00f3rio de avalia\u00e7\u00e3o que mostra diferen\u00e7as entre pa\u00edses na transposi\u00e7\u00e3o da legisla\u00e7\u00e3o, assim como lacunas ao n\u00edvel da protec\u00e7\u00e3o dos dados pessoais. <a href=\"http:\/\/tek.sapo.pt\/noticias\/telecomunicacoes\/bruxelas_reve_directiva_sobre_retencao_de_dad_1146046.html\" target=\"_blank\">Mais&#8230;<\/a><\/p>\n","protected":false},"excerpt":{"rendered":"<p>A Comiss\u00e3o Europeia vai rever a Directiva relativa \u00e0 reten\u00e7\u00e3o de dados. A decis\u00e3o vem no seguimento de um relat\u00f3rio de avalia\u00e7\u00e3o que mostra diferen\u00e7as entre pa\u00edses na transposi\u00e7\u00e3o da legisla\u00e7\u00e3o, assim como lacunas ao n\u00edvel da protec\u00e7\u00e3o dos dados pessoais. Mais&#8230;<\/p>\n","protected":false},"author":1,"featured_media":0,"comment_status":"closed","ping_status":"closed","sticky":false,"template":"","format":"standard","meta":{"footnotes":""},"categories":[15],"tags":[736,123,35],"class_list":["post-3792","post","type-post","status-publish","format-standard","hentry","category-tic-mais","tag-privacidade","tag-seguranca","tag-telecomunicacoes"],"_links":{"self":[{"href":"https:\/\/www.ticmais.pt\/index.php?rest_route=\/wp\/v2\/posts\/3792","targetHints":{"allow":["GET"]}}],"collection":[{"href":"https:\/\/www.ticmais.pt\/index.php?rest_route=\/wp\/v2\/posts"}],"about":[{"href":"https:\/\/www.ticmais.pt\/index.php?rest_route=\/wp\/v2\/types\/post"}],"author":[{"embeddable":true,"href":"https:\/\/www.ticmais.pt\/index.php?rest_route=\/wp\/v2\/users\/1"}],"replies":[{"embeddable":true,"href":"https:\/\/www.ticmais.pt\/index.php?rest_route=%2Fwp%2Fv2%2Fcomments&post=3792"}],"version-history":[{"count":0,"href":"https:\/\/www.ticmais.pt\/index.php?rest_route=\/wp\/v2\/posts\/3792\/revisions"}],"wp:attachment":[{"href":"https:\/\/www.ticmais.pt\/index.php?rest_route=%2Fwp%2Fv2%2Fmedia&parent=3792"}],"wp:term":[{"taxonomy":"category","embeddable":true,"href":"https:\/\/www.ticmais.pt\/index.php?rest_route=%2Fwp%2Fv2%2Fcategories&post=3792"},{"taxonomy":"post_tag","embeddable":true,"href":"https:\/\/www.ticmais.pt\/index.php?rest_route=%2Fwp%2Fv2%2Ftags&post=3792"}],"curies":[{"name":"wp","href":"https:\/\/api.w.org\/{rel}","templated":true}]}}