{"id":381,"date":"2022-09-05T00:22:06","date_gmt":"2022-09-04T23:22:06","guid":{"rendered":"http:\/\/www.ticmais.pt\/index.php\/2007\/12\/21\/coruche-precisa-de-um-upgrade-tecnologico\/"},"modified":"2022-09-05T01:47:50","modified_gmt":"2022-09-05T00:47:50","slug":"coruche-precisa-de-um-upgrade-tecnologico","status":"publish","type":"post","link":"https:\/\/www.ticmais.pt\/?p=381","title":{"rendered":"Coruche  continua a precisar de um &#8220;Upgrade Tecnol\u00f3gico&#8221;"},"content":{"rendered":"<table style=\"width: 100%;\" border=\"0\" cellspacing=\"5\" cellpadding=\"5\">\n<tbody>\n<tr>\n<td valign=\"top\" width=\"160\"><img decoding=\"async\" src=\"\/\/www.ticmais.pt\/ticmais\/imagens\/coruche-precisa-de-um-qupgrade-tecnologicoq4.jpg\" alt=\"\" border=\"0\" \/><\/td>\n<td valign=\"top\">\n<p style=\"text-align: justify;\">Sempre que um ano letivo termina, s\u00e3o, estou certo, muitos os jovens de Coruche s\u00e3o confrontados com o problema do que fazer no futuro: ou continuar a estudar no concelho mesmo que n\u00e3o seja na \u00e1rea da sua voca\u00e7\u00e3o e prefer\u00eancia, ou procurar outras sa\u00eddas noutros concelhos.<\/p>\n<\/td>\n<\/tr>\n<\/tbody>\n<\/table>\n<div><!--more--><\/div>\n<table style=\"width: 100%;\" border=\"0\" cellspacing=\"5\" cellpadding=\"5\">\n<tbody>\n<tr>\n<td style=\"text-align: justify;\" valign=\"top\">Todos os anos, \u00e9 bastante significativo o n\u00famero de jovens do nosso concelho, que devido ao leque restrito de op\u00e7\u00f5es que lhe s\u00e3o oferecidas para prosseguirem os seus estudos ap\u00f3s conclu\u00edrem o 9\u00ba ano, tem de sair em dire\u00e7\u00e3o a outros concelhos vizinhos.<\/p>\n<p>Mais um ano letivo se vai iniciar e o ticMAIS n\u00e3o tem informa\u00e7\u00e3o que esta situa\u00e7\u00e3o se v\u00e1 alterar, mas se assim for, ser\u00e1 o primeiro a louvar.<\/p>\n<div>De Dezembro de 2002 a Janeiro de 2006 (com algum empenho pessoal de elementos do ent\u00e3o Movimento.e-Coruche) foi poss\u00edvel funcionar, na Escola Profissional de Coruche, o primeiro e \u00fanico Curso T\u00e9cnico-profissional de Inform\u00e1tica (n\u00edvel III) promovido pelo Centro de Emprego de Salvaterra de Magos.<\/div>\n<div><span style=\"color: #ffffff;\">.<\/span><\/div>\n<div style=\"text-align: justify;\">Foi uma iniciativa extremamente positiva e encorajadora, mas infelizmente curta.<\/div>\n<\/td>\n<\/tr>\n<\/tbody>\n<\/table>\n<table style=\"width: 100%;\" border=\"0\" cellspacing=\"5\" cellpadding=\"5\">\n<tbody>\n<tr>\n<td style=\"text-align: justify;\" valign=\"top\"><span style=\"color: #990000;\"><span style=\"color: #000000;\">Apesar do ticMAIS\u00a0 ter desenvolvido alguns alertas p\u00fablicos, face \u00e0 possibilidade de o curso poder n\u00e3o ter continuidade a partir de 2006, infelizmente tal veio a acontecer.<\/span> <\/span><span style=\"color: #990000;\"><strong>Coruche voltou (e j\u00e1 se passaram mais 16 anos) a n\u00e3o ter nenhum curso profissional na \u00e1rea das Tecnologias de Informa\u00e7\u00e3o e Comunica\u00e7\u00e3o.<\/strong><\/span><\/td>\n<td valign=\"top\"><img loading=\"lazy\" decoding=\"async\" src=\"\/\/www.ticmais.pt\/ticmais\/imagens\/coruche-precisa-de-um-qupgrade-tecnologicoq%201.jpg\" alt=\"\" width=\"160\" height=\"116\" border=\"0\" \/><\/td>\n<\/tr>\n<tr>\n<td colspan=\"2\" valign=\"top\">Assim como os pa\u00edses que absorvem c\u00e9rebros s\u00e3o vencedores e aqueles que os fornecem s\u00e3o perdedores, tamb\u00e9m ao n\u00edvel das regi\u00f5es e dos concelhos, esse impacto positivo ou negativo, se verifica.<\/p>\n<div style=\"text-align: justify;\">As economias modernas est\u00e3o dependentes cada vez mais do \u201csaber fazer\u201d cient\u00edfico e das tecnologias de ponta, pois o ritmo das mudan\u00e7as \u00e9 bastante r\u00e1pido.<\/div>\n<div><span style=\"color: #ffffff;\">.<\/span><\/div>\n<div style=\"text-align: justify;\">Para o concelho n\u00e3o \u00e9 bom a sa\u00edda dos seus jovens verificar-se t\u00e3o cedo, mas mais preocupante \u00e9, depois de conclu\u00edrem os seus estudos, os jovens quadros (e n\u00e3o s\u00f3 os de forma\u00e7\u00e3o superior) na sua grande maioria, n\u00e3o regressarem para a\u00ed viverem e trabalharem e, desse modo, poderem colocar os seus conhecimentos ao servi\u00e7o do desenvolvimento do concelho.<\/div>\n<div><span style=\"color: #ffffff;\">.<\/span><\/div>\n<div style=\"text-align: justify;\">Como j\u00e1 aqui referi anteriormente, se n\u00e3o se inverter esta situa\u00e7\u00e3o (que reconhe\u00e7o n\u00e3o ser f\u00e1cil) mais tarde, ser\u00e3o tamb\u00e9m os pais a ter necessidade de ir ao encontro dos filhos. \u00c9, pois, oportuno questionar as entidades respons\u00e1veis, sobre as medidas a desenvolver para procurar reverter esta situa\u00e7\u00e3o.<\/div>\n<div><span style=\"color: #ffffff;\">.<\/span><\/div>\n<div style=\"text-align: justify;\">Assim como noutras \u00e1reas se anunciam \u201cmega eventos\u201d, tamb\u00e9m aqui s\u00e3o necess\u00e1rias, a n\u00edvel municipal, \u201cmega medidas\u201d que visem aumentar os n\u00edveis de op\u00e7\u00f5es e de habilita\u00e7\u00f5es da nossa popula\u00e7\u00e3o, refor\u00e7ar os incentivos \u00e0 aprendizagem ao longo da vida e uma participa\u00e7\u00e3o acrescida em a\u00e7\u00f5es de forma\u00e7\u00e3o, em especial para as pessoas com poucas qualifica\u00e7\u00f5es.<\/div>\n<div><span style=\"color: #ffffff;\">.<\/span><\/div>\n<div style=\"text-align: justify;\"><strong>NOTA:<\/strong><br \/>\n<span style=\"color: #990000;\"><strong><span style=\"color: #000000;\">Da nossa parte (ticMAIS) continuamos a lutar para que esta situa\u00e7\u00e3o se altere<\/span>.<\/strong><\/span><\/div>\n<\/td>\n<\/tr>\n<tr>\n<td colspan=\"2\"><img decoding=\"async\" src=\"\/\/www.ticmais.pt\/ticmais\/imagens\/Coruche,Antonio Pinheiro da Costa,TicMAIS,Cantanhede,Cidadania, Movimento.png\" alt=\"\" \/><\/td>\n<\/tr>\n<tr>\n<td colspan=\"2\"><a href=\"https:\/\/www.ticmais.pt\/\"><span style=\"color: #800000;\"><img decoding=\"async\" src=\"\/\/www.ticmais.pt\/ticmais\/imagens\/Coruche, TicMAIS, Antonio Pinheiro da Costa, Movimento de Cidadania, Cantanhede.png\" alt=\"\" \/><\/span><\/a><\/td>\n<\/tr>\n<\/tbody>\n<\/table>\n","protected":false},"excerpt":{"rendered":"<p>Sempre que um ano letivo termina, s\u00e3o, estou certo, muitos os jovens de Coruche s\u00e3o confrontados com o problema do que fazer no futuro: ou continuar a estudar no concelho mesmo que n\u00e3o seja na \u00e1rea da sua voca\u00e7\u00e3o e prefer\u00eancia, ou procurar outras sa\u00eddas noutros concelhos.<\/p>\n","protected":false},"author":1,"featured_media":0,"comment_status":"open","ping_status":"open","sticky":false,"template":"","format":"standard","meta":{"footnotes":""},"categories":[15],"tags":[2,3,5,6,17,20,21,29,8,30,10,11,12,13,19,28,16],"class_list":["post-381","post","type-post","status-publish","format-standard","hentry","category-tic-mais","tag-antonio-pinheiro-da-costa","tag-camara-municipal-de-coruche","tag-cidadania","tag-coruche","tag-desenvolvimento-economico","tag-ensino","tag-formacao","tag-fuga-de-cerebros","tag-inclusao-digital","tag-juventude","tag-movimentos-civicos","tag-movimento-de-cidadania","tag-municipios","tag-poder-local","tag-sociedade-do-conhecinentoda-informacao","tag-tecnologia","tag-ticmais"],"_links":{"self":[{"href":"https:\/\/www.ticmais.pt\/index.php?rest_route=\/wp\/v2\/posts\/381","targetHints":{"allow":["GET"]}}],"collection":[{"href":"https:\/\/www.ticmais.pt\/index.php?rest_route=\/wp\/v2\/posts"}],"about":[{"href":"https:\/\/www.ticmais.pt\/index.php?rest_route=\/wp\/v2\/types\/post"}],"author":[{"embeddable":true,"href":"https:\/\/www.ticmais.pt\/index.php?rest_route=\/wp\/v2\/users\/1"}],"replies":[{"embeddable":true,"href":"https:\/\/www.ticmais.pt\/index.php?rest_route=%2Fwp%2Fv2%2Fcomments&post=381"}],"version-history":[{"count":0,"href":"https:\/\/www.ticmais.pt\/index.php?rest_route=\/wp\/v2\/posts\/381\/revisions"}],"wp:attachment":[{"href":"https:\/\/www.ticmais.pt\/index.php?rest_route=%2Fwp%2Fv2%2Fmedia&parent=381"}],"wp:term":[{"taxonomy":"category","embeddable":true,"href":"https:\/\/www.ticmais.pt\/index.php?rest_route=%2Fwp%2Fv2%2Fcategories&post=381"},{"taxonomy":"post_tag","embeddable":true,"href":"https:\/\/www.ticmais.pt\/index.php?rest_route=%2Fwp%2Fv2%2Ftags&post=381"}],"curies":[{"name":"wp","href":"https:\/\/api.w.org\/{rel}","templated":true}]}}