{"id":3822,"date":"2011-05-03T08:17:32","date_gmt":"2011-05-03T08:17:32","guid":{"rendered":"http:\/\/www.ticmais.pt\/?p=3822"},"modified":"2011-05-03T08:17:32","modified_gmt":"2011-05-03T08:17:32","slug":"portugueses-criam-rede-social-para-desempregados","status":"publish","type":"post","link":"https:\/\/www.ticmais.pt\/?p=3822","title":{"rendered":"Portugueses criam rede social para desempregados"},"content":{"rendered":"<p style=\"text-align: justify;\"><img decoding=\"async\" class=\"alignleft\" src=\"\/\/www.ticmais.pt\/ticmais\/imagens\/Portugueses criam rede social para desempregados.jpg\" alt=\"\" \/>Depois do &#8220;Parobook&#8221;, a <a href=\"http:\/\/www.jn.pt\/blogs\/nosnarede\/archive\/2011\/01\/31\/espanha-tem-facebook-para-desempregados.aspx\" target=\"_blank\">rede social para desempregados espanhola<\/a>, uma dupla de portugueses criou algo similar. O <a href=\"http:\/\/www.desempregados.net\/\" target=\"_blank\">Desempregados.net<\/a> pretende ser um espa\u00e7o de reuni\u00e3o, na Internet, de pessoas desempregadas e de poss\u00edveis empregadores, para ajudar na dif\u00edcil tarefa que \u00e9, hoje em dia, arranjar trabalho. <a href=\"http:\/\/www.jn.pt\/blogs\/nosnarede\/archive\/2011\/05\/02\/portugueses-criam-rede-social-para-desempregados.aspx\" target=\"_blank\">Mais&#8230;<\/a><\/p>\n<p style=\"text-align: justify;\"><strong>Nota:<\/strong><br \/>\n<em>Veja o nosso link de ofertas de emprego nas barras laterais <\/em><\/p>\n<p style=\"text-align: justify;\">\n","protected":false},"excerpt":{"rendered":"<p>Depois do &#8220;Parobook&#8221;, a rede social para desempregados espanhola, uma dupla de portugueses criou algo similar. O Desempregados.net pretende ser um espa\u00e7o de reuni\u00e3o, na Internet, de pessoas desempregadas e de poss\u00edveis empregadores, para ajudar na dif\u00edcil tarefa que \u00e9, hoje em dia, arranjar trabalho. Mais&#8230; Nota: Veja o nosso link de ofertas de emprego [&hellip;]<\/p>\n","protected":false},"author":1,"featured_media":0,"comment_status":"closed","ping_status":"closed","sticky":false,"template":"","format":"standard","meta":{"footnotes":""},"categories":[15],"tags":[42,1290,132,1259],"class_list":["post-3822","post","type-post","status-publish","format-standard","hentry","category-tic-mais","tag-desemprego","tag-portal","tag-portugal","tag-site"],"_links":{"self":[{"href":"https:\/\/www.ticmais.pt\/index.php?rest_route=\/wp\/v2\/posts\/3822","targetHints":{"allow":["GET"]}}],"collection":[{"href":"https:\/\/www.ticmais.pt\/index.php?rest_route=\/wp\/v2\/posts"}],"about":[{"href":"https:\/\/www.ticmais.pt\/index.php?rest_route=\/wp\/v2\/types\/post"}],"author":[{"embeddable":true,"href":"https:\/\/www.ticmais.pt\/index.php?rest_route=\/wp\/v2\/users\/1"}],"replies":[{"embeddable":true,"href":"https:\/\/www.ticmais.pt\/index.php?rest_route=%2Fwp%2Fv2%2Fcomments&post=3822"}],"version-history":[{"count":0,"href":"https:\/\/www.ticmais.pt\/index.php?rest_route=\/wp\/v2\/posts\/3822\/revisions"}],"wp:attachment":[{"href":"https:\/\/www.ticmais.pt\/index.php?rest_route=%2Fwp%2Fv2%2Fmedia&parent=3822"}],"wp:term":[{"taxonomy":"category","embeddable":true,"href":"https:\/\/www.ticmais.pt\/index.php?rest_route=%2Fwp%2Fv2%2Fcategories&post=3822"},{"taxonomy":"post_tag","embeddable":true,"href":"https:\/\/www.ticmais.pt\/index.php?rest_route=%2Fwp%2Fv2%2Ftags&post=3822"}],"curies":[{"name":"wp","href":"https:\/\/api.w.org\/{rel}","templated":true}]}}