{"id":3826,"date":"2011-05-05T23:25:52","date_gmt":"2011-05-05T23:25:52","guid":{"rendered":"http:\/\/www.ticmais.pt\/?p=3826"},"modified":"2011-05-05T23:25:52","modified_gmt":"2011-05-05T23:25:52","slug":"ip-de-santarem-promove-dia-do-e-learning","status":"publish","type":"post","link":"https:\/\/www.ticmais.pt\/?p=3826","title":{"rendered":"IP de Santar\u00e9m promove dia do e-learning"},"content":{"rendered":"<p style=\"text-align: justify;\"><img decoding=\"async\" class=\"alignleft\" src=\"\/\/www.ticmais.pt\/ticmais\/imagens\/IP de Santarem promove dia do e-learning.png\" alt=\"\" \/>O Instituto Polit\u00e9cnico (IP) de Santar\u00e9m vai dedicar o pr\u00f3ximo dia 19 de Maio ao e-learning.<br \/>\nO \u00abDia e-learning no Instituto Polit\u00e9cnico de Santar\u00e9m\u00bb arranca com a inaugura\u00e7\u00e3o do \u00abespa\u00e7o e-learning\u00bb, destinado a prestar apoio na transi\u00e7\u00e3o dos conte\u00fados curriculares de formato presencial para digital na institui\u00e7\u00e3o. <a href=\"http:\/\/www.i-gov.org\/index.php?article=15628&amp;visual=2\" target=\"_blank\">Mais&#8230;<\/a><\/p>\n","protected":false},"excerpt":{"rendered":"<p>O Instituto Polit\u00e9cnico (IP) de Santar\u00e9m vai dedicar o pr\u00f3ximo dia 19 de Maio ao e-learning. O \u00abDia e-learning no Instituto Polit\u00e9cnico de Santar\u00e9m\u00bb arranca com a inaugura\u00e7\u00e3o do \u00abespa\u00e7o e-learning\u00bb, destinado a prestar apoio na transi\u00e7\u00e3o dos conte\u00fados curriculares de formato presencial para digital na institui\u00e7\u00e3o. Mais&#8230;<\/p>\n","protected":false},"author":1,"featured_media":0,"comment_status":"closed","ping_status":"closed","sticky":false,"template":"","format":"standard","meta":{"footnotes":""},"categories":[15],"tags":[108,1804,1805],"class_list":["post-3826","post","type-post","status-publish","format-standard","hentry","category-tic-mais","tag-e-learning","tag-instituto-politecnico","tag-santarem"],"_links":{"self":[{"href":"https:\/\/www.ticmais.pt\/index.php?rest_route=\/wp\/v2\/posts\/3826","targetHints":{"allow":["GET"]}}],"collection":[{"href":"https:\/\/www.ticmais.pt\/index.php?rest_route=\/wp\/v2\/posts"}],"about":[{"href":"https:\/\/www.ticmais.pt\/index.php?rest_route=\/wp\/v2\/types\/post"}],"author":[{"embeddable":true,"href":"https:\/\/www.ticmais.pt\/index.php?rest_route=\/wp\/v2\/users\/1"}],"replies":[{"embeddable":true,"href":"https:\/\/www.ticmais.pt\/index.php?rest_route=%2Fwp%2Fv2%2Fcomments&post=3826"}],"version-history":[{"count":0,"href":"https:\/\/www.ticmais.pt\/index.php?rest_route=\/wp\/v2\/posts\/3826\/revisions"}],"wp:attachment":[{"href":"https:\/\/www.ticmais.pt\/index.php?rest_route=%2Fwp%2Fv2%2Fmedia&parent=3826"}],"wp:term":[{"taxonomy":"category","embeddable":true,"href":"https:\/\/www.ticmais.pt\/index.php?rest_route=%2Fwp%2Fv2%2Fcategories&post=3826"},{"taxonomy":"post_tag","embeddable":true,"href":"https:\/\/www.ticmais.pt\/index.php?rest_route=%2Fwp%2Fv2%2Ftags&post=3826"}],"curies":[{"name":"wp","href":"https:\/\/api.w.org\/{rel}","templated":true}]}}