{"id":3829,"date":"2011-05-07T00:05:48","date_gmt":"2011-05-07T00:05:48","guid":{"rendered":"http:\/\/www.ticmais.pt\/?p=3829"},"modified":"2011-05-07T00:05:48","modified_gmt":"2011-05-07T00:05:48","slug":"anacom-critica-uso-de-pretexto-da-tdt-para-vender-tv-paga","status":"publish","type":"post","link":"https:\/\/www.ticmais.pt\/?p=3829","title":{"rendered":"Anacom critica uso de pretexto da TDT para vender TV paga"},"content":{"rendered":"<p style=\"text-align: justify;\"><img decoding=\"async\" class=\"alignleft\" src=\"\/\/www.ticmais.pt\/ticmais\/imagens\/Anacom critica uso de pretexto da TDT para vender TV paga.jpg\" alt=\"\" \/>O pr\u00f3ximo desligamento da emiss\u00e3o de TV anal\u00f3gica em Alenquer est\u00e1 a ser usada para vender servi\u00e7os de televis\u00e3o paga, uma situa\u00e7\u00e3o que a Anacom identificou e repudia, lembrando que com a TDT os utilizadores n\u00e3o precisam de ter custos mensais. <a href=\"http:\/\/tek.sapo.pt\/noticias\/telecomunicacoes\/anacom_critica_uso_de_pretexto_da_tdt_para_ve_1150324.html\" target=\"_blank\">Mais&#8230;<\/a><\/p>\n","protected":false},"excerpt":{"rendered":"<p>O pr\u00f3ximo desligamento da emiss\u00e3o de TV anal\u00f3gica em Alenquer est\u00e1 a ser usada para vender servi\u00e7os de televis\u00e3o paga, uma situa\u00e7\u00e3o que a Anacom identificou e repudia, lembrando que com a TDT os utilizadores n\u00e3o precisam de ter custos mensais. Mais&#8230;<\/p>\n","protected":false},"author":1,"featured_media":0,"comment_status":"closed","ping_status":"closed","sticky":false,"template":"","format":"standard","meta":{"footnotes":""},"categories":[15],"tags":[1806,413,181,166,1603,110],"class_list":["post-3829","post","type-post","status-publish","format-standard","hentry","category-tic-mais","tag-alenquer","tag-anacom","tag-tdt","tag-televisao","tag-vendas","tag-zon"],"_links":{"self":[{"href":"https:\/\/www.ticmais.pt\/index.php?rest_route=\/wp\/v2\/posts\/3829","targetHints":{"allow":["GET"]}}],"collection":[{"href":"https:\/\/www.ticmais.pt\/index.php?rest_route=\/wp\/v2\/posts"}],"about":[{"href":"https:\/\/www.ticmais.pt\/index.php?rest_route=\/wp\/v2\/types\/post"}],"author":[{"embeddable":true,"href":"https:\/\/www.ticmais.pt\/index.php?rest_route=\/wp\/v2\/users\/1"}],"replies":[{"embeddable":true,"href":"https:\/\/www.ticmais.pt\/index.php?rest_route=%2Fwp%2Fv2%2Fcomments&post=3829"}],"version-history":[{"count":0,"href":"https:\/\/www.ticmais.pt\/index.php?rest_route=\/wp\/v2\/posts\/3829\/revisions"}],"wp:attachment":[{"href":"https:\/\/www.ticmais.pt\/index.php?rest_route=%2Fwp%2Fv2%2Fmedia&parent=3829"}],"wp:term":[{"taxonomy":"category","embeddable":true,"href":"https:\/\/www.ticmais.pt\/index.php?rest_route=%2Fwp%2Fv2%2Fcategories&post=3829"},{"taxonomy":"post_tag","embeddable":true,"href":"https:\/\/www.ticmais.pt\/index.php?rest_route=%2Fwp%2Fv2%2Ftags&post=3829"}],"curies":[{"name":"wp","href":"https:\/\/api.w.org\/{rel}","templated":true}]}}