{"id":3843,"date":"2011-05-12T23:35:10","date_gmt":"2011-05-12T23:35:10","guid":{"rendered":"http:\/\/www.ticmais.pt\/?p=3843"},"modified":"2011-05-12T23:35:10","modified_gmt":"2011-05-12T23:35:10","slug":"promotores-de-manifesto-pelo-emprego-ouvidos-em-belem","status":"publish","type":"post","link":"https:\/\/www.ticmais.pt\/?p=3843","title":{"rendered":"Promotores de manifesto pelo emprego ouvidos em Bel\u00e9m"},"content":{"rendered":"<p style=\"text-align: justify;\"><img decoding=\"async\" class=\"alignleft\" src=\"\/\/www.ticmais.pt\/ticmais\/imagens\/Promotores de manifesto pelo emprego ouvidos em Belem.jpg\" alt=\"\" \/>Cavaco Silva recebeu os promotores do manifesto de converg\u00eancia em torno do emprego e da coes\u00e3o nacional. A representar este movimento de cidad\u00e3os estiveram os economistas Manuela Silva e Jos\u00e9 Reis.<\/p>\n<p>&nbsp;<\/p>\n<p><a href=\"http:\/\/www.rtp.pt\/noticias\/?t=Promotores-de-manifesto-pelo-emprego-ouvidos-em-Belem.rtp&amp;headline=20&amp;visual=9&amp;article=441420&amp;tm=6\" target=\"_blank\"><img decoding=\"async\" src=\"\/\/www.ticmais.pt\/ticmais\/imagens\/Coruche,TicMAIS,Antonio%20Pinheiro%20da%20Costa,Cidadania,%20Cantanhede.png\" alt=\"\" \/><\/a><\/p>\n<p>&nbsp;<\/p>\n","protected":false},"excerpt":{"rendered":"<p>Cavaco Silva recebeu os promotores do manifesto de converg\u00eancia em torno do emprego e da coes\u00e3o nacional. A representar este movimento de cidad\u00e3os estiveram os economistas Manuela Silva e Jos\u00e9 Reis. &nbsp; &nbsp;<\/p>\n","protected":false},"author":1,"featured_media":0,"comment_status":"closed","ping_status":"closed","sticky":false,"template":"","format":"standard","meta":{"footnotes":""},"categories":[15],"tags":[1817,134,11],"class_list":["post-3843","post","type-post","status-publish","format-standard","hentry","category-tic-mais","tag-coesao-nacional","tag-emprego","tag-movimento-de-cidadania"],"_links":{"self":[{"href":"https:\/\/www.ticmais.pt\/index.php?rest_route=\/wp\/v2\/posts\/3843","targetHints":{"allow":["GET"]}}],"collection":[{"href":"https:\/\/www.ticmais.pt\/index.php?rest_route=\/wp\/v2\/posts"}],"about":[{"href":"https:\/\/www.ticmais.pt\/index.php?rest_route=\/wp\/v2\/types\/post"}],"author":[{"embeddable":true,"href":"https:\/\/www.ticmais.pt\/index.php?rest_route=\/wp\/v2\/users\/1"}],"replies":[{"embeddable":true,"href":"https:\/\/www.ticmais.pt\/index.php?rest_route=%2Fwp%2Fv2%2Fcomments&post=3843"}],"version-history":[{"count":0,"href":"https:\/\/www.ticmais.pt\/index.php?rest_route=\/wp\/v2\/posts\/3843\/revisions"}],"wp:attachment":[{"href":"https:\/\/www.ticmais.pt\/index.php?rest_route=%2Fwp%2Fv2%2Fmedia&parent=3843"}],"wp:term":[{"taxonomy":"category","embeddable":true,"href":"https:\/\/www.ticmais.pt\/index.php?rest_route=%2Fwp%2Fv2%2Fcategories&post=3843"},{"taxonomy":"post_tag","embeddable":true,"href":"https:\/\/www.ticmais.pt\/index.php?rest_route=%2Fwp%2Fv2%2Ftags&post=3843"}],"curies":[{"name":"wp","href":"https:\/\/api.w.org\/{rel}","templated":true}]}}