{"id":3866,"date":"2011-05-20T15:31:03","date_gmt":"2011-05-20T15:31:03","guid":{"rendered":"http:\/\/www.ticmais.pt\/?p=3866"},"modified":"2011-05-20T15:31:03","modified_gmt":"2011-05-20T15:31:03","slug":"milhares-continuam-na-puerta-del-sol","status":"publish","type":"post","link":"https:\/\/www.ticmais.pt\/?p=3866","title":{"rendered":"Manifesta\u00e7\u00f5es dos jovens espanh\u00f3is alastram a v\u00e1rias cidades europeias &#8211; v\u00eddeo"},"content":{"rendered":"<p><img decoding=\"async\" class=\"alignleft\" src=\"\/\/www.ticmais.pt\/ticmais\/imagens\/Espanha.jpg\" alt=\"\" \/>Al\u00e9m dos protestos que decorrem h\u00e1 v\u00e1rios dias consecutivos em v\u00e1rias cidades espanholas, est\u00e3o marcados \u201cacampamentos\u201d, semelhantes ao de Puertas del Sol, em Madrid, para v\u00e1rias capitais da Europa, <a href=\"http:\/\/aeiou.expresso.pt\/protesto-jovens-continuam-acampados-no-rossio=f650845\" target=\"_blank\">como Lisboa<\/a> (tamb\u00e9m nas cidades do Porto e Coimbra), Paris, Londres, Roma, Berlim e Bruxelas, e tamb\u00e9m para algumas cidades no continente americano, al\u00e9m das principais localidades espanholas. <a href=\"http:\/\/www.ionline.pt\/conteudo\/124527-manifestacoes-dos-jovens-espanhois-alastram-varias-cidades-europeias---video\" target=\"_blank\">Mais&#8230;<\/a><\/p>\n<p><span style=\"color: #ffffff;\">..\u00a0\u00a0 <a href=\"http:\/\/pt.euronews.net\/2011\/05\/19\/geracao-a-rasca-espanhola-nao-se-cala\/\" target=\"_blank\"><img decoding=\"async\" src=\"\/\/www.ticmais.pt\/\/ticmais\/imagens\/Ver%20pequeno%201.png\" alt=\"\" \/><\/a>.. &#8230;..<a href=\"http:\/\/www.jn.pt\/multimedia\/galeria.aspx?content_id=1856153\" target=\"_blank\"><img decoding=\"async\" src=\"\/\/www.ticmais.pt\/ticmais\/imagens\/foto.png\" alt=\"\" \/><\/a>&#8230;&#8230;<a href=\"http:\/\/static.publico.pt\/docs\/Mundo\/protestosespanha\/\" target=\"_blank\"><img decoding=\"async\" src=\"\/\/www.ticmais.pt\/ticmais\/imagens\/foto.png\" alt=\"\" \/><\/a><\/span><\/p>\n","protected":false},"excerpt":{"rendered":"<p>Al\u00e9m dos protestos que decorrem h\u00e1 v\u00e1rios dias consecutivos em v\u00e1rias cidades espanholas, est\u00e3o marcados \u201cacampamentos\u201d, semelhantes ao de Puertas del Sol, em Madrid, para v\u00e1rias capitais da Europa, como Lisboa (tamb\u00e9m nas cidades do Porto e Coimbra), Paris, Londres, Roma, Berlim e Bruxelas, e tamb\u00e9m para algumas cidades no continente americano, al\u00e9m das principais [&hellip;]<\/p>\n","protected":false},"author":1,"featured_media":0,"comment_status":"closed","ping_status":"closed","sticky":false,"template":"","format":"standard","meta":{"footnotes":""},"categories":[15],"tags":[1822,151,44,30,1823],"class_list":["post-3866","post","type-post","status-publish","format-standard","hentry","category-tic-mais","tag-democracia-real-ja","tag-espanha","tag-geracao-a-rasca","tag-juventude","tag-manifestacoes"],"_links":{"self":[{"href":"https:\/\/www.ticmais.pt\/index.php?rest_route=\/wp\/v2\/posts\/3866","targetHints":{"allow":["GET"]}}],"collection":[{"href":"https:\/\/www.ticmais.pt\/index.php?rest_route=\/wp\/v2\/posts"}],"about":[{"href":"https:\/\/www.ticmais.pt\/index.php?rest_route=\/wp\/v2\/types\/post"}],"author":[{"embeddable":true,"href":"https:\/\/www.ticmais.pt\/index.php?rest_route=\/wp\/v2\/users\/1"}],"replies":[{"embeddable":true,"href":"https:\/\/www.ticmais.pt\/index.php?rest_route=%2Fwp%2Fv2%2Fcomments&post=3866"}],"version-history":[{"count":0,"href":"https:\/\/www.ticmais.pt\/index.php?rest_route=\/wp\/v2\/posts\/3866\/revisions"}],"wp:attachment":[{"href":"https:\/\/www.ticmais.pt\/index.php?rest_route=%2Fwp%2Fv2%2Fmedia&parent=3866"}],"wp:term":[{"taxonomy":"category","embeddable":true,"href":"https:\/\/www.ticmais.pt\/index.php?rest_route=%2Fwp%2Fv2%2Fcategories&post=3866"},{"taxonomy":"post_tag","embeddable":true,"href":"https:\/\/www.ticmais.pt\/index.php?rest_route=%2Fwp%2Fv2%2Ftags&post=3866"}],"curies":[{"name":"wp","href":"https:\/\/api.w.org\/{rel}","templated":true}]}}