{"id":3878,"date":"2011-05-24T01:42:36","date_gmt":"2011-05-24T01:42:36","guid":{"rendered":"http:\/\/www.ticmais.pt\/?p=3878"},"modified":"2011-05-24T01:42:36","modified_gmt":"2011-05-24T01:42:36","slug":"governo-publica-medida-provisoria-que-desonera-tablets-no-brasil","status":"publish","type":"post","link":"https:\/\/www.ticmais.pt\/?p=3878","title":{"rendered":"Governo publica Medida Provis\u00f3ria que desonera tablets no Brasil"},"content":{"rendered":"<p style=\"text-align: justify;\"><img decoding=\"async\" class=\"alignleft\" src=\"\/\/www.ticmais.pt\/ticmais\/imagens\/ipad.jpg\" alt=\"\" \/>O governo federal publicou no Di\u00e1rio Oficial da Uni\u00e3o, a Medida Provis\u00f3ria 534, que altera o artigo 28 da Lei do Bem (n\u00famero 11.196, de 21 de Novembro de 2005), para incluir no Programa de Inclus\u00e3o Digital os tablets produzidos no Brasil conforme processo produtivo b\u00e1sico a ser estabelecido pelos minist\u00e9rios do Desenvolvimento, Ind\u00fastria e Com\u00e9rcio e de Ci\u00eancia e Tecnologia. <a href=\"http:\/\/macworldbrasil.uol.com.br\/noticias\/2011\/05\/23\/ipad-mais-barato-governo-publica-mp-que-desonera-tablets-no-brasil\/\" target=\"_blank\">Mais&#8230;<\/a><\/p>\n","protected":false},"excerpt":{"rendered":"<p>O governo federal publicou no Di\u00e1rio Oficial da Uni\u00e3o, a Medida Provis\u00f3ria 534, que altera o artigo 28 da Lei do Bem (n\u00famero 11.196, de 21 de Novembro de 2005), para incluir no Programa de Inclus\u00e3o Digital os tablets produzidos no Brasil conforme processo produtivo b\u00e1sico a ser estabelecido pelos minist\u00e9rios do Desenvolvimento, Ind\u00fastria e [&hellip;]<\/p>\n","protected":false},"author":1,"featured_media":0,"comment_status":"closed","ping_status":"closed","sticky":false,"template":"","format":"standard","meta":{"footnotes":""},"categories":[15],"tags":[770,90,8,213,1707],"class_list":["post-3878","post","type-post","status-publish","format-standard","hentry","category-tic-mais","tag-brasil","tag-impostos","tag-inclusao-digital","tag-legislacao","tag-tablets"],"_links":{"self":[{"href":"https:\/\/www.ticmais.pt\/index.php?rest_route=\/wp\/v2\/posts\/3878","targetHints":{"allow":["GET"]}}],"collection":[{"href":"https:\/\/www.ticmais.pt\/index.php?rest_route=\/wp\/v2\/posts"}],"about":[{"href":"https:\/\/www.ticmais.pt\/index.php?rest_route=\/wp\/v2\/types\/post"}],"author":[{"embeddable":true,"href":"https:\/\/www.ticmais.pt\/index.php?rest_route=\/wp\/v2\/users\/1"}],"replies":[{"embeddable":true,"href":"https:\/\/www.ticmais.pt\/index.php?rest_route=%2Fwp%2Fv2%2Fcomments&post=3878"}],"version-history":[{"count":0,"href":"https:\/\/www.ticmais.pt\/index.php?rest_route=\/wp\/v2\/posts\/3878\/revisions"}],"wp:attachment":[{"href":"https:\/\/www.ticmais.pt\/index.php?rest_route=%2Fwp%2Fv2%2Fmedia&parent=3878"}],"wp:term":[{"taxonomy":"category","embeddable":true,"href":"https:\/\/www.ticmais.pt\/index.php?rest_route=%2Fwp%2Fv2%2Fcategories&post=3878"},{"taxonomy":"post_tag","embeddable":true,"href":"https:\/\/www.ticmais.pt\/index.php?rest_route=%2Fwp%2Fv2%2Ftags&post=3878"}],"curies":[{"name":"wp","href":"https:\/\/api.w.org\/{rel}","templated":true}]}}