{"id":4025,"date":"2011-08-02T09:37:05","date_gmt":"2011-08-02T09:37:05","guid":{"rendered":"http:\/\/www.ticmais.pt\/?p=4025"},"modified":"2011-08-02T09:37:05","modified_gmt":"2011-08-02T09:37:05","slug":"apple-lanca-icloud-com-em-fase-beta-mas-ja-com-precos","status":"publish","type":"post","link":"https:\/\/www.ticmais.pt\/?p=4025","title":{"rendered":"Apple lan\u00e7a iCloud.com em fase Beta\u2026 mas j\u00e1 com pre\u00e7os"},"content":{"rendered":"<p><img decoding=\"async\" class=\"alignleft\" src=\"\/\/www.ticmais.pt\/ticmais\/imagens\/Apple_lana_iCloud.com.png\" alt=\"\" \/><\/p>\n<p>Apple n\u00e3o perde tempo e neste inicio de Agosto coloca j\u00e1 \u00e0 disposi\u00e7\u00e3o do p\u00fablico em geral o servi\u00e7o iCloud.com. <a href=\"http:\/\/pplware.sapo.pt\/apple\/apple-lanca-icloud-com-em-fase-beta-mas-ja-com-precos\/#more-78704\" target=\"_blank\">Mais&#8230;<\/a><\/p>\n","protected":false},"excerpt":{"rendered":"<p>Apple n\u00e3o perde tempo e neste inicio de Agosto coloca j\u00e1 \u00e0 disposi\u00e7\u00e3o do p\u00fablico em geral o servi\u00e7o iCloud.com. Mais&#8230;<\/p>\n","protected":false},"author":1,"featured_media":0,"comment_status":"closed","ping_status":"closed","sticky":false,"template":"","format":"standard","meta":{"footnotes":""},"categories":[15],"tags":[103,1835,541],"class_list":["post-4025","post","type-post","status-publish","format-standard","hentry","category-tic-mais","tag-apple","tag-icloud","tag-nuvem"],"_links":{"self":[{"href":"https:\/\/www.ticmais.pt\/index.php?rest_route=\/wp\/v2\/posts\/4025","targetHints":{"allow":["GET"]}}],"collection":[{"href":"https:\/\/www.ticmais.pt\/index.php?rest_route=\/wp\/v2\/posts"}],"about":[{"href":"https:\/\/www.ticmais.pt\/index.php?rest_route=\/wp\/v2\/types\/post"}],"author":[{"embeddable":true,"href":"https:\/\/www.ticmais.pt\/index.php?rest_route=\/wp\/v2\/users\/1"}],"replies":[{"embeddable":true,"href":"https:\/\/www.ticmais.pt\/index.php?rest_route=%2Fwp%2Fv2%2Fcomments&post=4025"}],"version-history":[{"count":0,"href":"https:\/\/www.ticmais.pt\/index.php?rest_route=\/wp\/v2\/posts\/4025\/revisions"}],"wp:attachment":[{"href":"https:\/\/www.ticmais.pt\/index.php?rest_route=%2Fwp%2Fv2%2Fmedia&parent=4025"}],"wp:term":[{"taxonomy":"category","embeddable":true,"href":"https:\/\/www.ticmais.pt\/index.php?rest_route=%2Fwp%2Fv2%2Fcategories&post=4025"},{"taxonomy":"post_tag","embeddable":true,"href":"https:\/\/www.ticmais.pt\/index.php?rest_route=%2Fwp%2Fv2%2Ftags&post=4025"}],"curies":[{"name":"wp","href":"https:\/\/api.w.org\/{rel}","templated":true}]}}