{"id":4064,"date":"2011-08-30T10:47:41","date_gmt":"2011-08-30T10:47:41","guid":{"rendered":"http:\/\/www.ticmais.pt\/?p=4064"},"modified":"2011-08-30T10:47:41","modified_gmt":"2011-08-30T10:47:41","slug":"ipad-e-outros-tablets-entram-com-forca-nas-salas-de-aula-do-reino-unido","status":"publish","type":"post","link":"https:\/\/www.ticmais.pt\/?p=4064","title":{"rendered":"iPad e outros tablets entram com for\u00e7a nas salas de aula do Reino Unido"},"content":{"rendered":"<p style=\"text-align: justify;\"><img decoding=\"async\" class=\"alignleft\" src=\"\/\/www.ticmais.pt\/ticmais\/imagens\/iPadeoutrostabletsentramcomforanassalasdeauladoReinoUnido.png\" alt=\"\" \/>A partir de setembro, quando recome\u00e7a o per\u00edodo escolar no Reino Unido, alunos de v\u00e1rias escolas poder\u00e3o usar iPads nas salas de aula. Segundo o jornal brit\u00e2nico Telegraph, ao anunciar o in\u00edcio das atividades com o aparelho da Apple, uma escola afirmou que &#8220;os jovens gostam de aprender por meio da tecnologia&#8221; e ressaltou que a institui\u00e7\u00e3o escolheu o tablet gra\u00e7as ao seu peso e tempo de vida \u00fatil da bateria. <a href=\"http:\/\/olhardigital.uol.com.br\/produtos\/digital_news\/noticias\/ipad_e_outros_tablets_entram_com_forca_nas_salas_de_aula_do_reino_unido\" target=\"_blank\">Mais&#8230;<\/a><\/p>\n","protected":false},"excerpt":{"rendered":"<p>A partir de setembro, quando recome\u00e7a o per\u00edodo escolar no Reino Unido, alunos de v\u00e1rias escolas poder\u00e3o usar iPads nas salas de aula. Segundo o jornal brit\u00e2nico Telegraph, ao anunciar o in\u00edcio das atividades com o aparelho da Apple, uma escola afirmou que &#8220;os jovens gostam de aprender por meio da tecnologia&#8221; e ressaltou que [&hellip;]<\/p>\n","protected":false},"author":1,"featured_media":0,"comment_status":"closed","ping_status":"closed","sticky":false,"template":"","format":"standard","meta":{"footnotes":""},"categories":[15],"tags":[728,1491,1707],"class_list":["post-4064","post","type-post","status-publish","format-standard","hentry","category-tic-mais","tag-ipad","tag-reino-unido","tag-tablets"],"_links":{"self":[{"href":"https:\/\/www.ticmais.pt\/index.php?rest_route=\/wp\/v2\/posts\/4064","targetHints":{"allow":["GET"]}}],"collection":[{"href":"https:\/\/www.ticmais.pt\/index.php?rest_route=\/wp\/v2\/posts"}],"about":[{"href":"https:\/\/www.ticmais.pt\/index.php?rest_route=\/wp\/v2\/types\/post"}],"author":[{"embeddable":true,"href":"https:\/\/www.ticmais.pt\/index.php?rest_route=\/wp\/v2\/users\/1"}],"replies":[{"embeddable":true,"href":"https:\/\/www.ticmais.pt\/index.php?rest_route=%2Fwp%2Fv2%2Fcomments&post=4064"}],"version-history":[{"count":0,"href":"https:\/\/www.ticmais.pt\/index.php?rest_route=\/wp\/v2\/posts\/4064\/revisions"}],"wp:attachment":[{"href":"https:\/\/www.ticmais.pt\/index.php?rest_route=%2Fwp%2Fv2%2Fmedia&parent=4064"}],"wp:term":[{"taxonomy":"category","embeddable":true,"href":"https:\/\/www.ticmais.pt\/index.php?rest_route=%2Fwp%2Fv2%2Fcategories&post=4064"},{"taxonomy":"post_tag","embeddable":true,"href":"https:\/\/www.ticmais.pt\/index.php?rest_route=%2Fwp%2Fv2%2Ftags&post=4064"}],"curies":[{"name":"wp","href":"https:\/\/api.w.org\/{rel}","templated":true}]}}