{"id":4081,"date":"2011-09-12T13:19:40","date_gmt":"2011-09-12T13:19:40","guid":{"rendered":"http:\/\/www.ticmais.pt\/?p=4081"},"modified":"2011-09-12T13:19:40","modified_gmt":"2011-09-12T13:19:40","slug":"agencia-europeia-para-infraestruturas-de-ti-operacional-no-proximo-verao","status":"publish","type":"post","link":"https:\/\/www.ticmais.pt\/?p=4081","title":{"rendered":"Ag\u00eancia europeia para infraestruturas de TI operacional no pr\u00f3ximo ver\u00e3o"},"content":{"rendered":"<p style=\"text-align: justify;\"><img decoding=\"async\" class=\"alignleft\" src=\"\/\/www.ticmais.pt\/ticmais\/imagens\/AgnciaeuropeiaparainfraestruturasdeTIoperacionalnoprximovero.png\" alt=\"\" \/>O Conselho Europeu adotou, finalmente, a regula\u00e7\u00e3o que cria a ag\u00eancia europeia que ir\u00e1 gerir as grandes infraestruturas de informa\u00e7\u00e3o da Uni\u00e3o Europeia. A nova entidade, anunciada h\u00e1 dois anos atr\u00e1s, dever\u00e1 come\u00e7ar a funcionar no ver\u00e3o de 2012. <a href=\"http:\/\/tek.sapo.pt\/noticias\/telecomunicacoes\/agencia_europeia_para_infraestruturas_de_ti_o_1184808.html\" target=\"_blank\">Mais&#8230;<\/a><\/p>\n","protected":false},"excerpt":{"rendered":"<p>O Conselho Europeu adotou, finalmente, a regula\u00e7\u00e3o que cria a ag\u00eancia europeia que ir\u00e1 gerir as grandes infraestruturas de informa\u00e7\u00e3o da Uni\u00e3o Europeia. A nova entidade, anunciada h\u00e1 dois anos atr\u00e1s, dever\u00e1 come\u00e7ar a funcionar no ver\u00e3o de 2012. Mais&#8230;<\/p>\n","protected":false},"author":1,"featured_media":0,"comment_status":"closed","ping_status":"closed","sticky":false,"template":"","format":"standard","meta":{"footnotes":""},"categories":[15],"tags":[1935,123,35,363],"class_list":["post-4081","post","type-post","status-publish","format-standard","hentry","category-tic-mais","tag-infraestruturas","tag-seguranca","tag-telecomunicacoes","tag-tic"],"_links":{"self":[{"href":"https:\/\/www.ticmais.pt\/index.php?rest_route=\/wp\/v2\/posts\/4081","targetHints":{"allow":["GET"]}}],"collection":[{"href":"https:\/\/www.ticmais.pt\/index.php?rest_route=\/wp\/v2\/posts"}],"about":[{"href":"https:\/\/www.ticmais.pt\/index.php?rest_route=\/wp\/v2\/types\/post"}],"author":[{"embeddable":true,"href":"https:\/\/www.ticmais.pt\/index.php?rest_route=\/wp\/v2\/users\/1"}],"replies":[{"embeddable":true,"href":"https:\/\/www.ticmais.pt\/index.php?rest_route=%2Fwp%2Fv2%2Fcomments&post=4081"}],"version-history":[{"count":0,"href":"https:\/\/www.ticmais.pt\/index.php?rest_route=\/wp\/v2\/posts\/4081\/revisions"}],"wp:attachment":[{"href":"https:\/\/www.ticmais.pt\/index.php?rest_route=%2Fwp%2Fv2%2Fmedia&parent=4081"}],"wp:term":[{"taxonomy":"category","embeddable":true,"href":"https:\/\/www.ticmais.pt\/index.php?rest_route=%2Fwp%2Fv2%2Fcategories&post=4081"},{"taxonomy":"post_tag","embeddable":true,"href":"https:\/\/www.ticmais.pt\/index.php?rest_route=%2Fwp%2Fv2%2Ftags&post=4081"}],"curies":[{"name":"wp","href":"https:\/\/api.w.org\/{rel}","templated":true}]}}