{"id":4089,"date":"2011-09-15T16:25:43","date_gmt":"2011-09-15T16:25:43","guid":{"rendered":"http:\/\/www.ticmais.pt\/?p=4089"},"modified":"2011-09-15T16:25:43","modified_gmt":"2011-09-15T16:25:43","slug":"confederacao-de-pais-confirma-suspensao-do-magalhaes","status":"publish","type":"post","link":"https:\/\/www.ticmais.pt\/?p=4089","title":{"rendered":"Confedera\u00e7\u00e3o de pais confirma suspens\u00e3o do Magalh\u00e3es"},"content":{"rendered":"<p><img decoding=\"async\" class=\"alignleft\" src=\"\/\/www.ticmais.pt\/ticmais\/imagens\/ConfederaodepaisconfirmasuspensodoMagalhes.png\" alt=\"\" \/>O Minist\u00e9rio j\u00e1 tinha admitido que o programa de distribui\u00e7\u00e3o dos port\u00e1teis aos alunos do primeiro ciclo estava a ser analisado, mas agora a confedera\u00e7\u00e3o de pais confirma a informa\u00e7\u00e3o de que est\u00e3o suspensas novas inscri\u00e7\u00f5es. <a href=\"http:\/\/tek.sapo.pt\/noticias\/computadores\/confederacao_de_pais_confirma_suspensao_do_ma_1186010.html\" target=\"_blank\">Mais&#8230;<\/a><\/p>\n","protected":false},"excerpt":{"rendered":"<p>O Minist\u00e9rio j\u00e1 tinha admitido que o programa de distribui\u00e7\u00e3o dos port\u00e1teis aos alunos do primeiro ciclo estava a ser analisado, mas agora a confedera\u00e7\u00e3o de pais confirma a informa\u00e7\u00e3o de que est\u00e3o suspensas novas inscri\u00e7\u00f5es. Mais&#8230;<\/p>\n","protected":false},"author":1,"featured_media":0,"comment_status":"closed","ping_status":"closed","sticky":false,"template":"","format":"standard","meta":{"footnotes":""},"categories":[15],"tags":[236,97,63,198,20,64,1659,490],"class_list":["post-4089","post","type-post","status-publish","format-standard","hentry","category-tic-mais","tag-computadores","tag-e-escola","tag-e-escolinha","tag-educacao","tag-ensino","tag-magalhaes","tag-ministerio","tag-portateis"],"_links":{"self":[{"href":"https:\/\/www.ticmais.pt\/index.php?rest_route=\/wp\/v2\/posts\/4089","targetHints":{"allow":["GET"]}}],"collection":[{"href":"https:\/\/www.ticmais.pt\/index.php?rest_route=\/wp\/v2\/posts"}],"about":[{"href":"https:\/\/www.ticmais.pt\/index.php?rest_route=\/wp\/v2\/types\/post"}],"author":[{"embeddable":true,"href":"https:\/\/www.ticmais.pt\/index.php?rest_route=\/wp\/v2\/users\/1"}],"replies":[{"embeddable":true,"href":"https:\/\/www.ticmais.pt\/index.php?rest_route=%2Fwp%2Fv2%2Fcomments&post=4089"}],"version-history":[{"count":0,"href":"https:\/\/www.ticmais.pt\/index.php?rest_route=\/wp\/v2\/posts\/4089\/revisions"}],"wp:attachment":[{"href":"https:\/\/www.ticmais.pt\/index.php?rest_route=%2Fwp%2Fv2%2Fmedia&parent=4089"}],"wp:term":[{"taxonomy":"category","embeddable":true,"href":"https:\/\/www.ticmais.pt\/index.php?rest_route=%2Fwp%2Fv2%2Fcategories&post=4089"},{"taxonomy":"post_tag","embeddable":true,"href":"https:\/\/www.ticmais.pt\/index.php?rest_route=%2Fwp%2Fv2%2Ftags&post=4089"}],"curies":[{"name":"wp","href":"https:\/\/api.w.org\/{rel}","templated":true}]}}