{"id":4100,"date":"2011-09-27T00:24:24","date_gmt":"2011-09-27T00:24:24","guid":{"rendered":"http:\/\/www.ticmais.pt\/?p=4100"},"modified":"2011-09-27T00:24:24","modified_gmt":"2011-09-27T00:24:24","slug":"relatorio-europeu-diz-que-criancas-usam-pouco-a-internet-em-portugal-mas-com-algum-risco","status":"publish","type":"post","link":"https:\/\/www.ticmais.pt\/?p=4100","title":{"rendered":"Relat\u00f3rio europeu diz que crian\u00e7as usam pouco a Internet em Portugal, mas com \u201calgum risco\u201d"},"content":{"rendered":"<p style=\"text-align: justify;\"><img decoding=\"async\" class=\"alignleft\" src=\"\/\/www.ticmais.pt\/ticmais\/imagens\/RelatrioeuropeudizquecrianasusampoucoaInternetemPortugalmascomalgumrisco.png\" alt=\"\" \/>Portugal \u00e9 classificado como um pa\u00eds de \u201cbaixo uso\u201d e \u201calgum risco\u201d no acesso das crian\u00e7as \u00e0 Internet no relat\u00f3rio da Comiss\u00e3o Europeia \u201cEU Kids Online\u201d, que est\u00e1 a ser apresentado em Londres. <a href=\"http:\/\/www.publico.pt\/Tecnologia\/relatorio-europeu-diz-que-criancas-usam-pouco-a-internet-em-portugal-mas-com-algum-risco-1513418\" target=\"_blank\">Mais&#8230;<\/a><\/p>\n<p style=\"text-align: justify;\"><strong>Not\u00edcia relacionada:<\/strong><br \/><a href=\"http:\/\/tek.sapo.pt\/noticias\/computadores\/acores_equipam_escolas_do_1_ciclo_com_2_mil_p_1188915.html\" target=\"_blank\">A\u00e7ores equipam escolas do 1\u00ba ciclo com 2 mil port\u00e1teis<\/a><\/p>\n","protected":false},"excerpt":{"rendered":"<p>Portugal \u00e9 classificado como um pa\u00eds de \u201cbaixo uso\u201d e \u201calgum risco\u201d no acesso das crian\u00e7as \u00e0 Internet no relat\u00f3rio da Comiss\u00e3o Europeia \u201cEU Kids Online\u201d, que est\u00e1 a ser apresentado em Londres. Mais&#8230; Not\u00edcia relacionada:A\u00e7ores equipam escolas do 1\u00ba ciclo com 2 mil port\u00e1teis<\/p>\n","protected":false},"author":1,"featured_media":0,"comment_status":"closed","ping_status":"closed","sticky":false,"template":"","format":"standard","meta":{"footnotes":""},"categories":[15],"tags":[1929,231,559,787,132,716,717],"class_list":["post-4100","post","type-post","status-publish","format-standard","hentry","category-tic-mais","tag-comissao-europeia","tag-criancas","tag-europa","tag-internet-segura","tag-portugal","tag-ranking","tag-relatorio"],"_links":{"self":[{"href":"https:\/\/www.ticmais.pt\/index.php?rest_route=\/wp\/v2\/posts\/4100","targetHints":{"allow":["GET"]}}],"collection":[{"href":"https:\/\/www.ticmais.pt\/index.php?rest_route=\/wp\/v2\/posts"}],"about":[{"href":"https:\/\/www.ticmais.pt\/index.php?rest_route=\/wp\/v2\/types\/post"}],"author":[{"embeddable":true,"href":"https:\/\/www.ticmais.pt\/index.php?rest_route=\/wp\/v2\/users\/1"}],"replies":[{"embeddable":true,"href":"https:\/\/www.ticmais.pt\/index.php?rest_route=%2Fwp%2Fv2%2Fcomments&post=4100"}],"version-history":[{"count":0,"href":"https:\/\/www.ticmais.pt\/index.php?rest_route=\/wp\/v2\/posts\/4100\/revisions"}],"wp:attachment":[{"href":"https:\/\/www.ticmais.pt\/index.php?rest_route=%2Fwp%2Fv2%2Fmedia&parent=4100"}],"wp:term":[{"taxonomy":"category","embeddable":true,"href":"https:\/\/www.ticmais.pt\/index.php?rest_route=%2Fwp%2Fv2%2Fcategories&post=4100"},{"taxonomy":"post_tag","embeddable":true,"href":"https:\/\/www.ticmais.pt\/index.php?rest_route=%2Fwp%2Fv2%2Ftags&post=4100"}],"curies":[{"name":"wp","href":"https:\/\/api.w.org\/{rel}","templated":true}]}}