{"id":4120,"date":"2011-10-15T22:15:50","date_gmt":"2011-10-15T22:15:50","guid":{"rendered":"http:\/\/www.ticmais.pt\/?p=4120"},"modified":"2011-10-15T22:15:50","modified_gmt":"2011-10-15T22:15:50","slug":"indignados-o-protesto-de-amanha-passo-a-passo-video-e-fotogaleria","status":"publish","type":"post","link":"https:\/\/www.ticmais.pt\/?p=4120","title":{"rendered":"Fotogaleria: 100 mil indignados nas ruas de Lisboa"},"content":{"rendered":"<p style=\"text-align: justify;\"><img decoding=\"async\" class=\"alignleft\" src=\"\/\/www.ticmais.pt\/ticmais\/imagens\/Fotogaleria100milindignadosnasruasdeLisboa.png\" alt=\"\" \/>De Syndey a <a href=\"http:\/\/topicos.jornaldenegocios.pt\/Seul\" target=\"_blank\">Seul<\/a>, de Lisboa a <a href=\"http:\/\/topicos.jornaldenegocios.pt\/Nova_Iorque\" target=\"_blank\">Nova Iorque<\/a>, quase mil cidades de 82 pa\u00edses foram hoje palco de manifesta\u00e7\u00f5es de car\u00e1cter <a href=\"http:\/\/topicos.jornaldenegocios.pt\/Pac\u00edfico\" target=\"_blank\">Pac\u00edfico<\/a> para reclamar uma mudan\u00e7a global democr\u00e1tica e contestar o poder financeiro.Em Lisboa, de acordo com a organiza\u00e7\u00e3o, foram 100 mil os que desceram do Marqu\u00eas de Pombal at\u00e9 \u00e0 <a href=\"http:\/\/topicos.jornaldenegocios.pt\/Assembleia_da_Rep\u00fablica\" target=\"_blank\">Assembleia da Rep\u00fablica<\/a>. <a href=\"http:\/\/www.jornaldenegocios.pt\/home.php?template=SHOWNEWS_V2&amp;id=512439\" target=\"_blank\">Mais&#8230;<\/a><\/p>\n<p style=\"text-align: justify;\"><a href=\"http:\/\/www.tvi24.iol.pt\/internacional\/indignados-wikileaks-julian-assange-londres-tvi24\/1289548-4073.html\" target=\"_blank\"><img decoding=\"async\" src=\"\/\/www.ticmais.pt\/ticmais\/imagens\/Coruche,Antonio%20Pinheiro%20da%20Costa,%20Imprensa,%20Cantanhede,%20Movimento%20de%20Cidadania.png\" alt=\"\" \/><\/a><\/p>\n<p style=\"text-align: justify;\">\u00a0<\/p>\n<p>&nbsp;<\/p>\n","protected":false},"excerpt":{"rendered":"<p>De Syndey a Seul, de Lisboa a Nova Iorque, quase mil cidades de 82 pa\u00edses foram hoje palco de manifesta\u00e7\u00f5es de car\u00e1cter Pac\u00edfico para reclamar uma mudan\u00e7a global democr\u00e1tica e contestar o poder financeiro.Em Lisboa, de acordo com a organiza\u00e7\u00e3o, foram 100 mil os que desceram do Marqu\u00eas de Pombal at\u00e9 \u00e0 Assembleia da Rep\u00fablica. [&hellip;]<\/p>\n","protected":false},"author":1,"featured_media":0,"comment_status":"closed","ping_status":"closed","sticky":false,"template":"","format":"standard","meta":{"footnotes":""},"categories":[15],"tags":[1966,1967,1823],"class_list":["post-4120","post","type-post","status-publish","format-standard","hentry","category-tic-mais","tag-15-de-outubro","tag-indignados","tag-manifestacoes"],"_links":{"self":[{"href":"https:\/\/www.ticmais.pt\/index.php?rest_route=\/wp\/v2\/posts\/4120","targetHints":{"allow":["GET"]}}],"collection":[{"href":"https:\/\/www.ticmais.pt\/index.php?rest_route=\/wp\/v2\/posts"}],"about":[{"href":"https:\/\/www.ticmais.pt\/index.php?rest_route=\/wp\/v2\/types\/post"}],"author":[{"embeddable":true,"href":"https:\/\/www.ticmais.pt\/index.php?rest_route=\/wp\/v2\/users\/1"}],"replies":[{"embeddable":true,"href":"https:\/\/www.ticmais.pt\/index.php?rest_route=%2Fwp%2Fv2%2Fcomments&post=4120"}],"version-history":[{"count":0,"href":"https:\/\/www.ticmais.pt\/index.php?rest_route=\/wp\/v2\/posts\/4120\/revisions"}],"wp:attachment":[{"href":"https:\/\/www.ticmais.pt\/index.php?rest_route=%2Fwp%2Fv2%2Fmedia&parent=4120"}],"wp:term":[{"taxonomy":"category","embeddable":true,"href":"https:\/\/www.ticmais.pt\/index.php?rest_route=%2Fwp%2Fv2%2Fcategories&post=4120"},{"taxonomy":"post_tag","embeddable":true,"href":"https:\/\/www.ticmais.pt\/index.php?rest_route=%2Fwp%2Fv2%2Ftags&post=4120"}],"curies":[{"name":"wp","href":"https:\/\/api.w.org\/{rel}","templated":true}]}}