{"id":4203,"date":"2011-12-13T17:36:41","date_gmt":"2011-12-13T17:36:41","guid":{"rendered":"http:\/\/www.ticmais.pt\/?p=4203"},"modified":"2011-12-13T17:36:41","modified_gmt":"2011-12-13T17:36:41","slug":"apdsi-critica-falta-de-estrategia-do-governo-para-as-tic","status":"publish","type":"post","link":"https:\/\/www.ticmais.pt\/?p=4203","title":{"rendered":"APDSI critica falta de estrat\u00e9gia do Governo para as TIC"},"content":{"rendered":"<p style=\"text-align: justify;\"><img decoding=\"async\" class=\"alignleft\" src=\"\/\/www.ticmais.pt\/ticmais\/imagens\/APDSIcriticafaltadeestratgiadoGovernoparaasTIC.png\" alt=\"\" \/>A Associa\u00e7\u00e3o para a Promo\u00e7\u00e3o e Desenvolvimento da Sociedade da Informa\u00e7\u00e3o criticou hoje, num comunicado enviado aos meios, a falta de medidas e de uma vis\u00e3o estrat\u00e9gica para o desenvolvimento das TIC, por parte do novo Governo. <a href=\"http:\/\/tek.sapo.pt\/noticias\/telecomunicacoes\/apdsi_critica_falta_de_estrategia_do_governo_1207252.html\" target=\"_blank\">Mais&#8230;<\/a><\/p>\n<p style=\"text-align: justify;\">\u00a0<\/p>\n<p style=\"text-align: justify;\"><a href=\"http:\/\/www.ticmais.pt\/?p=1234\"><img decoding=\"async\" src=\"\/\/www.ticmais.pt\/ticmais\/imagens\/ticmaislogomini.png\" alt=\"\" \/><\/a><\/p>\n","protected":false},"excerpt":{"rendered":"<p>A Associa\u00e7\u00e3o para a Promo\u00e7\u00e3o e Desenvolvimento da Sociedade da Informa\u00e7\u00e3o criticou hoje, num comunicado enviado aos meios, a falta de medidas e de uma vis\u00e3o estrat\u00e9gica para o desenvolvimento das TIC, por parte do novo Governo. Mais&#8230; \u00a0<\/p>\n","protected":false},"author":1,"featured_media":0,"comment_status":"closed","ping_status":"closed","sticky":false,"template":"","format":"standard","meta":{"footnotes":""},"categories":[15],"tags":[565,1834,1915,121,2041,132,363],"class_list":["post-4203","post","type-post","status-publish","format-standard","hentry","category-tic-mais","tag-apdsi","tag-estrategias","tag-falta","tag-governo","tag-medidas","tag-portugal","tag-tic"],"_links":{"self":[{"href":"https:\/\/www.ticmais.pt\/index.php?rest_route=\/wp\/v2\/posts\/4203","targetHints":{"allow":["GET"]}}],"collection":[{"href":"https:\/\/www.ticmais.pt\/index.php?rest_route=\/wp\/v2\/posts"}],"about":[{"href":"https:\/\/www.ticmais.pt\/index.php?rest_route=\/wp\/v2\/types\/post"}],"author":[{"embeddable":true,"href":"https:\/\/www.ticmais.pt\/index.php?rest_route=\/wp\/v2\/users\/1"}],"replies":[{"embeddable":true,"href":"https:\/\/www.ticmais.pt\/index.php?rest_route=%2Fwp%2Fv2%2Fcomments&post=4203"}],"version-history":[{"count":0,"href":"https:\/\/www.ticmais.pt\/index.php?rest_route=\/wp\/v2\/posts\/4203\/revisions"}],"wp:attachment":[{"href":"https:\/\/www.ticmais.pt\/index.php?rest_route=%2Fwp%2Fv2%2Fmedia&parent=4203"}],"wp:term":[{"taxonomy":"category","embeddable":true,"href":"https:\/\/www.ticmais.pt\/index.php?rest_route=%2Fwp%2Fv2%2Fcategories&post=4203"},{"taxonomy":"post_tag","embeddable":true,"href":"https:\/\/www.ticmais.pt\/index.php?rest_route=%2Fwp%2Fv2%2Ftags&post=4203"}],"curies":[{"name":"wp","href":"https:\/\/api.w.org\/{rel}","templated":true}]}}