{"id":4224,"date":"2011-12-28T19:21:25","date_gmt":"2011-12-28T19:21:25","guid":{"rendered":"http:\/\/www.ticmais.pt\/?p=4224"},"modified":"2011-12-28T19:21:25","modified_gmt":"2011-12-28T19:21:25","slug":"portugal-entre-os-paises-do-euro-com-mais-jovens-desempregados-2","status":"publish","type":"post","link":"https:\/\/www.ticmais.pt\/?p=4224","title":{"rendered":"Portugal entre os pa\u00edses do euro com mais jovens desempregados"},"content":{"rendered":"<p style=\"text-align: justify;\"><img decoding=\"async\" class=\"alignleft\" src=\"\/\/www.ticmais.pt\/ticmais\/imagens\/Portugalentreospasesdoeurocommaisjovensdesempregados.jpg\" alt=\"\" \/>Este ano, o desemprego entre a popula\u00e7\u00e3o mais jovem tem crescido a um ritmo de 2.000 novos desempregados por m\u00eas. No final do m\u00eas de Outubro estavam registados em Portugal como desempregados 141 mil jovens com idades compreendidas entre os 15 e os 24 anos. Isto significa que 30,4% da popula\u00e7\u00e3o deste grupo et\u00e1rio estava sem trabalho. <a href=\"http:\/\/economico.sapo.pt\/noticias\/portugal-entre-os-paises-do-euro-com-mais-jovens-desempregados_134694.html\" target=\"_blank\">Mais\u2026<\/a><\/p>\n","protected":false},"excerpt":{"rendered":"<p>Este ano, o desemprego entre a popula\u00e7\u00e3o mais jovem tem crescido a um ritmo de 2.000 novos desempregados por m\u00eas. No final do m\u00eas de Outubro estavam registados em Portugal como desempregados 141 mil jovens com idades compreendidas entre os 15 e os 24 anos. Isto significa que 30,4% da popula\u00e7\u00e3o deste grupo et\u00e1rio estava [&hellip;]<\/p>\n","protected":false},"author":1,"featured_media":0,"comment_status":"closed","ping_status":"closed","sticky":false,"template":"","format":"standard","meta":{"footnotes":""},"categories":[15],"tags":[42,2047,132,2048],"class_list":["post-4224","post","type-post","status-publish","format-standard","hentry","category-tic-mais","tag-desemprego","tag-paises","tag-portugal","tag-zona-euro"],"_links":{"self":[{"href":"https:\/\/www.ticmais.pt\/index.php?rest_route=\/wp\/v2\/posts\/4224","targetHints":{"allow":["GET"]}}],"collection":[{"href":"https:\/\/www.ticmais.pt\/index.php?rest_route=\/wp\/v2\/posts"}],"about":[{"href":"https:\/\/www.ticmais.pt\/index.php?rest_route=\/wp\/v2\/types\/post"}],"author":[{"embeddable":true,"href":"https:\/\/www.ticmais.pt\/index.php?rest_route=\/wp\/v2\/users\/1"}],"replies":[{"embeddable":true,"href":"https:\/\/www.ticmais.pt\/index.php?rest_route=%2Fwp%2Fv2%2Fcomments&post=4224"}],"version-history":[{"count":0,"href":"https:\/\/www.ticmais.pt\/index.php?rest_route=\/wp\/v2\/posts\/4224\/revisions"}],"wp:attachment":[{"href":"https:\/\/www.ticmais.pt\/index.php?rest_route=%2Fwp%2Fv2%2Fmedia&parent=4224"}],"wp:term":[{"taxonomy":"category","embeddable":true,"href":"https:\/\/www.ticmais.pt\/index.php?rest_route=%2Fwp%2Fv2%2Fcategories&post=4224"},{"taxonomy":"post_tag","embeddable":true,"href":"https:\/\/www.ticmais.pt\/index.php?rest_route=%2Fwp%2Fv2%2Ftags&post=4224"}],"curies":[{"name":"wp","href":"https:\/\/api.w.org\/{rel}","templated":true}]}}