{"id":4227,"date":"2012-01-02T17:18:26","date_gmt":"2012-01-02T17:18:26","guid":{"rendered":"http:\/\/www.ticmais.pt\/?p=4227"},"modified":"2012-01-02T17:18:26","modified_gmt":"2012-01-02T17:18:26","slug":"parque-de-ciencia-previsto-para-evora-vai-ter-laboratorios-para-apoiar-empresas-em-varias-areas","status":"publish","type":"post","link":"https:\/\/www.ticmais.pt\/?p=4227","title":{"rendered":"Parque de Ci\u00eancia previsto para \u00c9vora vai ter laborat\u00f3rios para apoiar empresas em v\u00e1rias \u00e1reas"},"content":{"rendered":"<p style=\"text-align: justify;\"><img decoding=\"async\" class=\"alignleft\" src=\"\/\/www.ticmais.pt\/ticmais\/imagens\/ParquedeCinciaprevistoparavoravaiterlaboratriosparaapoiarempresasemvriasreas.png\" alt=\"\" \/>O Parque de Ci\u00eancia e Tecnologia do Alentejo, previsto \u201cnascer\u201d em \u00c9vora, no pr\u00f3ximo ano, vai agregar laborat\u00f3rios para apoiar empresas em v\u00e1rias vertentes, como energias renov\u00e1veis, ambiente e clima, agroalimentares, prot\u00f3tipos e mecatr\u00f3nica ou inform\u00e1tica. <a href=\"http:\/\/bit.pt\/artigo\/789\/parque_de_ciencia_previsto_para_evora_vai_ter_laboratorios_para_apoiar_empresas_em_varias_areas\" target=\"_blank\">Mais&#8230;<\/a><\/p>\n<p style=\"text-align: justify;\">\u00a0<\/p>\n<p style=\"text-align: justify;\"><a href=\"http:\/\/www.ticmais.pt\/?p=1234\"><img decoding=\"async\" src=\"\/\/www.ticmais.pt\/ticmais\/imagens\/ticmaislogomini.png\" alt=\"\" \/><\/a><\/p>\n","protected":false},"excerpt":{"rendered":"<p>O Parque de Ci\u00eancia e Tecnologia do Alentejo, previsto \u201cnascer\u201d em \u00c9vora, no pr\u00f3ximo ano, vai agregar laborat\u00f3rios para apoiar empresas em v\u00e1rias vertentes, como energias renov\u00e1veis, ambiente e clima, agroalimentares, prot\u00f3tipos e mecatr\u00f3nica ou inform\u00e1tica. Mais&#8230; \u00a0<\/p>\n","protected":false},"author":1,"featured_media":0,"comment_status":"closed","ping_status":"closed","sticky":false,"template":"","format":"standard","meta":{"footnotes":""},"categories":[15],"tags":[2049,1831,81,17,2050,255,23,28],"class_list":["post-4227","post","type-post","status-publish","format-standard","hentry","category-tic-mais","tag-alentejo","tag-apoio","tag-ciencia","tag-desenvolvimento-economico","tag-evora","tag-investigacao","tag-parques-tecnologicos","tag-tecnologia"],"_links":{"self":[{"href":"https:\/\/www.ticmais.pt\/index.php?rest_route=\/wp\/v2\/posts\/4227","targetHints":{"allow":["GET"]}}],"collection":[{"href":"https:\/\/www.ticmais.pt\/index.php?rest_route=\/wp\/v2\/posts"}],"about":[{"href":"https:\/\/www.ticmais.pt\/index.php?rest_route=\/wp\/v2\/types\/post"}],"author":[{"embeddable":true,"href":"https:\/\/www.ticmais.pt\/index.php?rest_route=\/wp\/v2\/users\/1"}],"replies":[{"embeddable":true,"href":"https:\/\/www.ticmais.pt\/index.php?rest_route=%2Fwp%2Fv2%2Fcomments&post=4227"}],"version-history":[{"count":0,"href":"https:\/\/www.ticmais.pt\/index.php?rest_route=\/wp\/v2\/posts\/4227\/revisions"}],"wp:attachment":[{"href":"https:\/\/www.ticmais.pt\/index.php?rest_route=%2Fwp%2Fv2%2Fmedia&parent=4227"}],"wp:term":[{"taxonomy":"category","embeddable":true,"href":"https:\/\/www.ticmais.pt\/index.php?rest_route=%2Fwp%2Fv2%2Fcategories&post=4227"},{"taxonomy":"post_tag","embeddable":true,"href":"https:\/\/www.ticmais.pt\/index.php?rest_route=%2Fwp%2Fv2%2Ftags&post=4227"}],"curies":[{"name":"wp","href":"https:\/\/api.w.org\/{rel}","templated":true}]}}