{"id":4247,"date":"2012-01-18T00:07:54","date_gmt":"2012-01-18T00:07:54","guid":{"rendered":"http:\/\/www.ticmais.pt\/?p=4247"},"modified":"2012-01-18T00:07:54","modified_gmt":"2012-01-18T00:07:54","slug":"quem-pode-pagar-internet-de-banda-larga","status":"publish","type":"post","link":"https:\/\/www.ticmais.pt\/?p=4247","title":{"rendered":"Quem pode pagar Internet de banda larga?"},"content":{"rendered":"<p style=\"text-align: justify;\"><img decoding=\"async\" class=\"alignleft\" src=\"\/\/www.ticmais.pt\/ticmais\/imagens\/QuempodepagarInternetdebandalarga.png\" alt=\"\" \/>Baixar o custo da banda larga para menos de 5% do rendimento m\u00e9dio mensal \u00e9 uma das prioridades que a ITU quer ver cumpridas em todos os pa\u00edses do mundo at\u00e9 2015. O balan\u00e7o atual \u00e9 feito num v\u00eddeo. <a href=\"http:\/\/tek.sapo.pt\/multimedia\/quem_pode_pagar_internet_de_banda_larga_1215073.html\" target=\"_blank\">Mais&#8230;<\/a><\/p>\n","protected":false},"excerpt":{"rendered":"<p>Baixar o custo da banda larga para menos de 5% do rendimento m\u00e9dio mensal \u00e9 uma das prioridades que a ITU quer ver cumpridas em todos os pa\u00edses do mundo at\u00e9 2015. O balan\u00e7o atual \u00e9 feito num v\u00eddeo. Mais&#8230;<\/p>\n","protected":false},"author":1,"featured_media":0,"comment_status":"closed","ping_status":"closed","sticky":false,"template":"","format":"standard","meta":{"footnotes":""},"categories":[15],"tags":[1161,769,1557,559,34,74],"class_list":["post-4247","post","type-post","status-publish","format-standard","hentry","category-tic-mais","tag-africa","tag-banda-larga","tag-custos","tag-europa","tag-internet","tag-multimedia"],"_links":{"self":[{"href":"https:\/\/www.ticmais.pt\/index.php?rest_route=\/wp\/v2\/posts\/4247","targetHints":{"allow":["GET"]}}],"collection":[{"href":"https:\/\/www.ticmais.pt\/index.php?rest_route=\/wp\/v2\/posts"}],"about":[{"href":"https:\/\/www.ticmais.pt\/index.php?rest_route=\/wp\/v2\/types\/post"}],"author":[{"embeddable":true,"href":"https:\/\/www.ticmais.pt\/index.php?rest_route=\/wp\/v2\/users\/1"}],"replies":[{"embeddable":true,"href":"https:\/\/www.ticmais.pt\/index.php?rest_route=%2Fwp%2Fv2%2Fcomments&post=4247"}],"version-history":[{"count":0,"href":"https:\/\/www.ticmais.pt\/index.php?rest_route=\/wp\/v2\/posts\/4247\/revisions"}],"wp:attachment":[{"href":"https:\/\/www.ticmais.pt\/index.php?rest_route=%2Fwp%2Fv2%2Fmedia&parent=4247"}],"wp:term":[{"taxonomy":"category","embeddable":true,"href":"https:\/\/www.ticmais.pt\/index.php?rest_route=%2Fwp%2Fv2%2Fcategories&post=4247"},{"taxonomy":"post_tag","embeddable":true,"href":"https:\/\/www.ticmais.pt\/index.php?rest_route=%2Fwp%2Fv2%2Ftags&post=4247"}],"curies":[{"name":"wp","href":"https:\/\/api.w.org\/{rel}","templated":true}]}}