{"id":4252,"date":"2012-01-23T19:00:28","date_gmt":"2012-01-23T19:00:28","guid":{"rendered":"http:\/\/www.ticmais.pt\/?p=4252"},"modified":"2012-01-23T19:00:28","modified_gmt":"2012-01-23T19:00:28","slug":"os-ebooks-que-querem-substituir-os-livros-escolares-2","status":"publish","type":"post","link":"https:\/\/www.ticmais.pt\/?p=4252","title":{"rendered":"Professores de inform\u00e1tica querem manter TIC no 3\u00ba Ciclo e Secund\u00e1rio"},"content":{"rendered":"<p style=\"text-align: justify;\"><img decoding=\"async\" class=\"alignleft\" src=\"\/\/www.ticmais.pt\/ticmais\/imagens\/ProfessoresdeinformticaqueremmanterTICno3CicloeSecundrio.png\" alt=\"\" \/>Num contributo para a proposta de Revis\u00e3o Curricular, apresentada pelo MEC, os docentes dizem concordar com a introdu\u00e7\u00e3o da disciplina de TIC no 5.\u00ba e 6.\u00ba anos de escolaridade, mas defendem a sua continuidade no 3\u00ba Ciclo e Ensino Secund\u00e1rio.<a href=\"http:\/\/tek.sapo.pt\/noticias\/computadores\/professores_de_informatica_querem_manter_tic_1216282.html\" target=\"_blank\">Mais&#8230;<\/a><\/p>\n<p style=\"text-align: justify;\"><span style=\"color: #ffffff;\">a<\/span><\/p>\n<p style=\"text-align: justify;\"><a href=\"http:\/\/www.ticmais.pt\/?p=1234\"><img decoding=\"async\" src=\"\/\/www.ticmais.pt\/ticmais\/imagens\/ticmaislogomini.png\" alt=\"\" \/><\/a><\/p>\n","protected":false},"excerpt":{"rendered":"<p>Num contributo para a proposta de Revis\u00e3o Curricular, apresentada pelo MEC, os docentes dizem concordar com a introdu\u00e7\u00e3o da disciplina de TIC no 5.\u00ba e 6.\u00ba anos de escolaridade, mas defendem a sua continuidade no 3\u00ba Ciclo e Ensino Secund\u00e1rio.Mais&#8230; a<\/p>\n","protected":false},"author":1,"featured_media":0,"comment_status":"closed","ping_status":"closed","sticky":false,"template":"","format":"standard","meta":{"footnotes":""},"categories":[15],"tags":[20,224,132,363],"class_list":["post-4252","post","type-post","status-publish","format-standard","hentry","category-tic-mais","tag-ensino","tag-informatica","tag-portugal","tag-tic"],"_links":{"self":[{"href":"https:\/\/www.ticmais.pt\/index.php?rest_route=\/wp\/v2\/posts\/4252","targetHints":{"allow":["GET"]}}],"collection":[{"href":"https:\/\/www.ticmais.pt\/index.php?rest_route=\/wp\/v2\/posts"}],"about":[{"href":"https:\/\/www.ticmais.pt\/index.php?rest_route=\/wp\/v2\/types\/post"}],"author":[{"embeddable":true,"href":"https:\/\/www.ticmais.pt\/index.php?rest_route=\/wp\/v2\/users\/1"}],"replies":[{"embeddable":true,"href":"https:\/\/www.ticmais.pt\/index.php?rest_route=%2Fwp%2Fv2%2Fcomments&post=4252"}],"version-history":[{"count":0,"href":"https:\/\/www.ticmais.pt\/index.php?rest_route=\/wp\/v2\/posts\/4252\/revisions"}],"wp:attachment":[{"href":"https:\/\/www.ticmais.pt\/index.php?rest_route=%2Fwp%2Fv2%2Fmedia&parent=4252"}],"wp:term":[{"taxonomy":"category","embeddable":true,"href":"https:\/\/www.ticmais.pt\/index.php?rest_route=%2Fwp%2Fv2%2Fcategories&post=4252"},{"taxonomy":"post_tag","embeddable":true,"href":"https:\/\/www.ticmais.pt\/index.php?rest_route=%2Fwp%2Fv2%2Ftags&post=4252"}],"curies":[{"name":"wp","href":"https:\/\/api.w.org\/{rel}","templated":true}]}}