{"id":4258,"date":"2012-01-26T15:18:22","date_gmt":"2012-01-26T15:18:22","guid":{"rendered":"http:\/\/www.ticmais.pt\/?p=4258"},"modified":"2012-01-26T15:18:22","modified_gmt":"2012-01-26T15:18:22","slug":"bruxelas-leva-portugal-a-tribunal","status":"publish","type":"post","link":"https:\/\/www.ticmais.pt\/?p=4258","title":{"rendered":"Bruxelas leva Portugal a tribunal"},"content":{"rendered":"<p style=\"text-align: justify;\"><img decoding=\"async\" class=\"alignleft\" src=\"\/\/www.ticmais.pt\/ticmais\/imagens\/BruxelaslevaPortugalatribunal.jpg\" alt=\"\" \/>A Comiss\u00e3o Europeia vai levar Portugal a tribunal. Bruxelas decidiu esta quinta-feira recorrer ao Tribunal de Justi\u00e7a da Uni\u00e3o Europeia contra o pa\u00eds devido a uma incorrecta transposi\u00e7\u00e3o de uma directiva comunit\u00e1ria sobre a comercializa\u00e7\u00e3o \u00e0 dist\u00e2ncia de servi\u00e7os financeiros prestados aos consumidores. <a href=\"http:\/\/www.agenciafinanceira.iol.pt\/economia\/bruxelas-durao-barroso-servicos-financeiros-directiva-comunitaria-tribunal-comissao-europeia\/1320359-1730.html\" target=\"_blank\">Mais&#8230;<\/a><\/p>\n<p style=\"text-align: justify;\"><span style=\"color: #ffffff;\">a<\/span><\/p>\n<p style=\"text-align: justify;\"><a href=\"http:\/\/www.ticmais.pt\/?p=1234\"><img decoding=\"async\" src=\"\/\/www.ticmais.pt\/ticmais\/imagens\/ticmaislogomini.png\" alt=\"\" \/><\/a><\/p>\n","protected":false},"excerpt":{"rendered":"<p>A Comiss\u00e3o Europeia vai levar Portugal a tribunal. Bruxelas decidiu esta quinta-feira recorrer ao Tribunal de Justi\u00e7a da Uni\u00e3o Europeia contra o pa\u00eds devido a uma incorrecta transposi\u00e7\u00e3o de uma directiva comunit\u00e1ria sobre a comercializa\u00e7\u00e3o \u00e0 dist\u00e2ncia de servi\u00e7os financeiros prestados aos consumidores. Mais&#8230; a<\/p>\n","protected":false},"author":1,"featured_media":0,"comment_status":"closed","ping_status":"closed","sticky":false,"template":"","format":"standard","meta":{"footnotes":""},"categories":[15],"tags":[1929,132,2063,99],"class_list":["post-4258","post","type-post","status-publish","format-standard","hentry","category-tic-mais","tag-comissao-europeia","tag-portugal","tag-tribunal-de-justica","tag-uniao-europeia"],"_links":{"self":[{"href":"https:\/\/www.ticmais.pt\/index.php?rest_route=\/wp\/v2\/posts\/4258","targetHints":{"allow":["GET"]}}],"collection":[{"href":"https:\/\/www.ticmais.pt\/index.php?rest_route=\/wp\/v2\/posts"}],"about":[{"href":"https:\/\/www.ticmais.pt\/index.php?rest_route=\/wp\/v2\/types\/post"}],"author":[{"embeddable":true,"href":"https:\/\/www.ticmais.pt\/index.php?rest_route=\/wp\/v2\/users\/1"}],"replies":[{"embeddable":true,"href":"https:\/\/www.ticmais.pt\/index.php?rest_route=%2Fwp%2Fv2%2Fcomments&post=4258"}],"version-history":[{"count":0,"href":"https:\/\/www.ticmais.pt\/index.php?rest_route=\/wp\/v2\/posts\/4258\/revisions"}],"wp:attachment":[{"href":"https:\/\/www.ticmais.pt\/index.php?rest_route=%2Fwp%2Fv2%2Fmedia&parent=4258"}],"wp:term":[{"taxonomy":"category","embeddable":true,"href":"https:\/\/www.ticmais.pt\/index.php?rest_route=%2Fwp%2Fv2%2Fcategories&post=4258"},{"taxonomy":"post_tag","embeddable":true,"href":"https:\/\/www.ticmais.pt\/index.php?rest_route=%2Fwp%2Fv2%2Ftags&post=4258"}],"curies":[{"name":"wp","href":"https:\/\/api.w.org\/{rel}","templated":true}]}}