{"id":4272,"date":"2012-02-09T17:24:20","date_gmt":"2012-02-09T17:24:20","guid":{"rendered":"http:\/\/www.ticmais.pt\/?p=4272"},"modified":"2012-02-09T17:24:20","modified_gmt":"2012-02-09T17:24:20","slug":"versao-pre-final-do-windows-8-e-apresentada-dia-29","status":"publish","type":"post","link":"https:\/\/www.ticmais.pt\/?p=4272","title":{"rendered":"Vers\u00e3o pr\u00e9-final do Windows 8 \u00e9 apresentada dia 29"},"content":{"rendered":"<p style=\"text-align: justify;\"><img decoding=\"async\" class=\"alignleft\" src=\"\/\/www.ticmais.pt\/ticmais\/imagens\/Versopr-finaldoWindows8apresentadadia29.png\" alt=\"\" \/>A Microsoft vai esperar at\u00e9 ao \u00faltimo dia do m\u00eas de fevereiro para mostrar &#8211; e eventualmente disponibilizar &#8211; aquela que ser\u00e1 a primeira vers\u00e3o (de testes) p\u00fablica da pr\u00f3xima vers\u00e3o do seu sistema operativo, o Windows 8. <a href=\"http:\/\/tek.sapo.pt\/noticias\/computadores\/versao_pre_final_do_windows_8_e_apresentada_d_1220332.html\" target=\"_blank\">Mais&#8230;<\/a><\/p>\n<p style=\"text-align: justify;\"><span style=\"color: #ffffff;\">a<\/span><\/p>\n<p style=\"text-align: justify;\"><a href=\"http:\/\/www.ticmais.pt\/?p=1234\"><img decoding=\"async\" src=\"\/\/www.ticmais.pt\/ticmais\/imagens\/ticmaislogomini.png\" alt=\"\" \/><\/a><\/p>\n","protected":false},"excerpt":{"rendered":"<p>A Microsoft vai esperar at\u00e9 ao \u00faltimo dia do m\u00eas de fevereiro para mostrar &#8211; e eventualmente disponibilizar &#8211; aquela que ser\u00e1 a primeira vers\u00e3o (de testes) p\u00fablica da pr\u00f3xima vers\u00e3o do seu sistema operativo, o Windows 8. Mais&#8230; a<\/p>\n","protected":false},"author":1,"featured_media":0,"comment_status":"closed","ping_status":"closed","sticky":false,"template":"","format":"standard","meta":{"footnotes":""},"categories":[15],"tags":[1917,73,1224],"class_list":["post-4272","post","type-post","status-publish","format-standard","hentry","category-tic-mais","tag-apresentacao","tag-microsoft","tag-windows-8"],"_links":{"self":[{"href":"https:\/\/www.ticmais.pt\/index.php?rest_route=\/wp\/v2\/posts\/4272","targetHints":{"allow":["GET"]}}],"collection":[{"href":"https:\/\/www.ticmais.pt\/index.php?rest_route=\/wp\/v2\/posts"}],"about":[{"href":"https:\/\/www.ticmais.pt\/index.php?rest_route=\/wp\/v2\/types\/post"}],"author":[{"embeddable":true,"href":"https:\/\/www.ticmais.pt\/index.php?rest_route=\/wp\/v2\/users\/1"}],"replies":[{"embeddable":true,"href":"https:\/\/www.ticmais.pt\/index.php?rest_route=%2Fwp%2Fv2%2Fcomments&post=4272"}],"version-history":[{"count":0,"href":"https:\/\/www.ticmais.pt\/index.php?rest_route=\/wp\/v2\/posts\/4272\/revisions"}],"wp:attachment":[{"href":"https:\/\/www.ticmais.pt\/index.php?rest_route=%2Fwp%2Fv2%2Fmedia&parent=4272"}],"wp:term":[{"taxonomy":"category","embeddable":true,"href":"https:\/\/www.ticmais.pt\/index.php?rest_route=%2Fwp%2Fv2%2Fcategories&post=4272"},{"taxonomy":"post_tag","embeddable":true,"href":"https:\/\/www.ticmais.pt\/index.php?rest_route=%2Fwp%2Fv2%2Ftags&post=4272"}],"curies":[{"name":"wp","href":"https:\/\/api.w.org\/{rel}","templated":true}]}}