{"id":4298,"date":"2012-02-28T18:42:55","date_gmt":"2012-02-28T18:42:55","guid":{"rendered":"http:\/\/www.ticmais.pt\/?p=4298"},"modified":"2012-02-28T18:42:55","modified_gmt":"2012-02-28T18:42:55","slug":"ipad-3-apresentado-no-dia-7","status":"publish","type":"post","link":"https:\/\/www.ticmais.pt\/?p=4298","title":{"rendered":"iPad 3: evento oficial da Apple marcado para 7 de mar\u00e7o"},"content":{"rendered":"<p style=\"text-align: justify;\"><img decoding=\"async\" class=\"alignleft\" src=\"\/\/www.ticmais.pt\/ticmais\/imagens\/iPad3eventooficialdaApplemarcadopara7demaro.png\" alt=\"\" \/>Depois de muita especula\u00e7\u00e3o, a Apple j\u00e1 est\u00e1 a enviar convites para o evento oficial do pr\u00f3ximo iPad, com ind\u00edcios de que o ecr\u00e3 ter\u00e1 uma resolu\u00e7\u00e3o muito superior ao atual modelo. <a href=\"http:\/\/aeiou.exameinformatica.pt\/noticias\/mercados\/2012\/02\/28\/ipad-3-evento-oficial-da-apple-marcado-para-7-de-marco\" target=\"_blank\">Mais&#8230;\u00a0<\/a><\/p>\n<p style=\"text-align: justify;\"><strong>Not\u00edcia relacionada:<\/strong><br \/>\n<a href=\"http:\/\/www.gizmodo.com.br\/conteudo\/as-novidades-escondidas-no-convite-do-ipad-3\/\" target=\"_blank\">As novidades escondidas no convite do iPad 3<\/a><\/p>\n","protected":false},"excerpt":{"rendered":"<p>Depois de muita especula\u00e7\u00e3o, a Apple j\u00e1 est\u00e1 a enviar convites para o evento oficial do pr\u00f3ximo iPad, com ind\u00edcios de que o ecr\u00e3 ter\u00e1 uma resolu\u00e7\u00e3o muito superior ao atual modelo. Mais&#8230;\u00a0 Not\u00edcia relacionada: As novidades escondidas no convite do iPad 3<\/p>\n","protected":false},"author":1,"featured_media":0,"comment_status":"closed","ping_status":"closed","sticky":false,"template":"","format":"standard","meta":{"footnotes":""},"categories":[15],"tags":[103,1917,2098],"class_list":["post-4298","post","type-post","status-publish","format-standard","hentry","category-tic-mais","tag-apple","tag-apresentacao","tag-ipad-3"],"_links":{"self":[{"href":"https:\/\/www.ticmais.pt\/index.php?rest_route=\/wp\/v2\/posts\/4298","targetHints":{"allow":["GET"]}}],"collection":[{"href":"https:\/\/www.ticmais.pt\/index.php?rest_route=\/wp\/v2\/posts"}],"about":[{"href":"https:\/\/www.ticmais.pt\/index.php?rest_route=\/wp\/v2\/types\/post"}],"author":[{"embeddable":true,"href":"https:\/\/www.ticmais.pt\/index.php?rest_route=\/wp\/v2\/users\/1"}],"replies":[{"embeddable":true,"href":"https:\/\/www.ticmais.pt\/index.php?rest_route=%2Fwp%2Fv2%2Fcomments&post=4298"}],"version-history":[{"count":0,"href":"https:\/\/www.ticmais.pt\/index.php?rest_route=\/wp\/v2\/posts\/4298\/revisions"}],"wp:attachment":[{"href":"https:\/\/www.ticmais.pt\/index.php?rest_route=%2Fwp%2Fv2%2Fmedia&parent=4298"}],"wp:term":[{"taxonomy":"category","embeddable":true,"href":"https:\/\/www.ticmais.pt\/index.php?rest_route=%2Fwp%2Fv2%2Fcategories&post=4298"},{"taxonomy":"post_tag","embeddable":true,"href":"https:\/\/www.ticmais.pt\/index.php?rest_route=%2Fwp%2Fv2%2Ftags&post=4298"}],"curies":[{"name":"wp","href":"https:\/\/api.w.org\/{rel}","templated":true}]}}