{"id":4300,"date":"2012-02-28T18:35:51","date_gmt":"2012-02-28T18:35:51","guid":{"rendered":"http:\/\/www.ticmais.pt\/?p=4300"},"modified":"2012-02-28T18:35:51","modified_gmt":"2012-02-28T18:35:51","slug":"edificio-verde-tem-asa-vertical-para-aproveitar-energia-eolica","status":"publish","type":"post","link":"https:\/\/www.ticmais.pt\/?p=4300","title":{"rendered":"Edif\u00edcio verde tem asa vertical para aproveitar energia e\u00f3lica"},"content":{"rendered":"<p style=\"text-align: justify;\"><img decoding=\"async\" class=\"alignleft\" src=\"\/\/www.ticmais.pt\/ticmais\/imagens\/Edifcioverdetemasaverticalparaaproveitarenergiaelica.png\" alt=\"\" \/><strong>Asa de vento<\/strong><\/p>\n<p style=\"text-align: justify;\">Os testes nos t\u00faneis de vento foram positivos, mas um novo projeto de &#8220;edif\u00edcio verde&#8221; est\u00e1 quase pronto para ser testado na pr\u00e1tica.<br \/>\nO pr\u00e9dio possui uma &#8220;asa&#8221; externa vertical, repleta de turbinas e\u00f3licas de eixo vertical, que dever\u00e3o produzir pelo menos 7% de todo o consumo de energia do edif\u00edcio, incluindo elevadores e ar-condicionado. <a href=\"http:\/\/www.inovacaotecnologica.com.br\/noticias\/noticia.php?artigo=edificio-verde-asa-vertical-gerar-energia-eolica&amp;id=010125120224\" target=\"_blank\">Mais&#8230;<\/a><\/p>\n","protected":false},"excerpt":{"rendered":"<p>Asa de vento Os testes nos t\u00faneis de vento foram positivos, mas um novo projeto de &#8220;edif\u00edcio verde&#8221; est\u00e1 quase pronto para ser testado na pr\u00e1tica. O pr\u00e9dio possui uma &#8220;asa&#8221; externa vertical, repleta de turbinas e\u00f3licas de eixo vertical, que dever\u00e3o produzir pelo menos 7% de todo o consumo de energia do edif\u00edcio, incluindo [&hellip;]<\/p>\n","protected":false},"author":1,"featured_media":0,"comment_status":"closed","ping_status":"closed","sticky":false,"template":"","format":"standard","meta":{"footnotes":""},"categories":[15],"tags":[],"class_list":["post-4300","post","type-post","status-publish","format-standard","hentry","category-tic-mais"],"_links":{"self":[{"href":"https:\/\/www.ticmais.pt\/index.php?rest_route=\/wp\/v2\/posts\/4300","targetHints":{"allow":["GET"]}}],"collection":[{"href":"https:\/\/www.ticmais.pt\/index.php?rest_route=\/wp\/v2\/posts"}],"about":[{"href":"https:\/\/www.ticmais.pt\/index.php?rest_route=\/wp\/v2\/types\/post"}],"author":[{"embeddable":true,"href":"https:\/\/www.ticmais.pt\/index.php?rest_route=\/wp\/v2\/users\/1"}],"replies":[{"embeddable":true,"href":"https:\/\/www.ticmais.pt\/index.php?rest_route=%2Fwp%2Fv2%2Fcomments&post=4300"}],"version-history":[{"count":0,"href":"https:\/\/www.ticmais.pt\/index.php?rest_route=\/wp\/v2\/posts\/4300\/revisions"}],"wp:attachment":[{"href":"https:\/\/www.ticmais.pt\/index.php?rest_route=%2Fwp%2Fv2%2Fmedia&parent=4300"}],"wp:term":[{"taxonomy":"category","embeddable":true,"href":"https:\/\/www.ticmais.pt\/index.php?rest_route=%2Fwp%2Fv2%2Fcategories&post=4300"},{"taxonomy":"post_tag","embeddable":true,"href":"https:\/\/www.ticmais.pt\/index.php?rest_route=%2Fwp%2Fv2%2Ftags&post=4300"}],"curies":[{"name":"wp","href":"https:\/\/api.w.org\/{rel}","templated":true}]}}