{"id":4313,"date":"2012-03-12T16:45:28","date_gmt":"2012-03-12T16:45:28","guid":{"rendered":"http:\/\/www.ticmais.pt\/?p=4313"},"modified":"2012-03-12T16:45:28","modified_gmt":"2012-03-12T16:45:28","slug":"pt-projeta-marca-meo-como-operador-movel","status":"publish","type":"post","link":"https:\/\/www.ticmais.pt\/?p=4313","title":{"rendered":"PT projeta marca Meo como operador m\u00f3vel"},"content":{"rendered":"<p style=\"text-align: justify;\"><img decoding=\"async\" class=\"alignleft\" src=\"\/\/www.ticmais.pt\/ticmais\/imagens\/PTprojetamarcaMeocomooperadormvel.png\" alt=\"\" \/>No meio do an\u00fancio do lan\u00e7amento dos servi\u00e7os e tarif\u00e1rios de quarta gera\u00e7\u00e3o m\u00f3vel, Zeinal Bava, CEO da Portugal Telecom, confirmou hoje aos jornalistas que quer projetar a marca Meo como operador m\u00f3vel. <a href=\"http:\/\/tek.sapo.pt\/noticias\/telecomunicacoes\/pt_projeta_marca_meo_como_operador_movel_1227839.html\" target=\"_blank\">Mais&#8230;<\/a><\/p>\n<p style=\"text-align: justify;\"><span style=\"color: #ffffff;\">a<\/span><\/p>\n<p style=\"text-align: justify;\"><strong>Not\u00edcia relacionada:<\/strong><br \/>\n<a href=\"http:\/\/tek.sapo.pt\/noticias\/telecomunicacoes\/tmn_avanca_com_duas_ofertas_de_4g_1227763.html\" target=\"_blank\">TMN avan\u00e7a com duas ofertas de 4G<\/a><\/p>\n","protected":false},"excerpt":{"rendered":"<p>No meio do an\u00fancio do lan\u00e7amento dos servi\u00e7os e tarif\u00e1rios de quarta gera\u00e7\u00e3o m\u00f3vel, Zeinal Bava, CEO da Portugal Telecom, confirmou hoje aos jornalistas que quer projetar a marca Meo como operador m\u00f3vel. Mais&#8230; a Not\u00edcia relacionada: TMN avan\u00e7a com duas ofertas de 4G<\/p>\n","protected":false},"author":1,"featured_media":0,"comment_status":"closed","ping_status":"closed","sticky":false,"template":"","format":"standard","meta":{"footnotes":""},"categories":[15],"tags":[101,260,219,1625,897,376,405,176],"class_list":["post-4313","post","type-post","status-publish","format-standard","hentry","category-tic-mais","tag-4g","tag-dados","tag-meo","tag-mobile","tag-operadoras","tag-portugal-telecom","tag-tarifarios","tag-tmn"],"_links":{"self":[{"href":"https:\/\/www.ticmais.pt\/index.php?rest_route=\/wp\/v2\/posts\/4313","targetHints":{"allow":["GET"]}}],"collection":[{"href":"https:\/\/www.ticmais.pt\/index.php?rest_route=\/wp\/v2\/posts"}],"about":[{"href":"https:\/\/www.ticmais.pt\/index.php?rest_route=\/wp\/v2\/types\/post"}],"author":[{"embeddable":true,"href":"https:\/\/www.ticmais.pt\/index.php?rest_route=\/wp\/v2\/users\/1"}],"replies":[{"embeddable":true,"href":"https:\/\/www.ticmais.pt\/index.php?rest_route=%2Fwp%2Fv2%2Fcomments&post=4313"}],"version-history":[{"count":0,"href":"https:\/\/www.ticmais.pt\/index.php?rest_route=\/wp\/v2\/posts\/4313\/revisions"}],"wp:attachment":[{"href":"https:\/\/www.ticmais.pt\/index.php?rest_route=%2Fwp%2Fv2%2Fmedia&parent=4313"}],"wp:term":[{"taxonomy":"category","embeddable":true,"href":"https:\/\/www.ticmais.pt\/index.php?rest_route=%2Fwp%2Fv2%2Fcategories&post=4313"},{"taxonomy":"post_tag","embeddable":true,"href":"https:\/\/www.ticmais.pt\/index.php?rest_route=%2Fwp%2Fv2%2Ftags&post=4313"}],"curies":[{"name":"wp","href":"https:\/\/api.w.org\/{rel}","templated":true}]}}