{"id":4322,"date":"2012-03-16T08:52:00","date_gmt":"2012-03-16T08:52:00","guid":{"rendered":"http:\/\/www.ticmais.pt\/?p=4322"},"modified":"2012-03-16T08:52:00","modified_gmt":"2012-03-16T08:52:00","slug":"o-terceiro-ipad-da-apple-chega-hoje-as-lojas","status":"publish","type":"post","link":"https:\/\/www.ticmais.pt\/?p=4322","title":{"rendered":"O terceiro iPad da Apple chega hoje \u00e0s lojas"},"content":{"rendered":"<p style=\"text-align: justify;\"><img decoding=\"async\" class=\"alignleft\" src=\"\/\/www.ticmais.pt\/ticmais\/imagens\/OterceiroiPaddaApplechegahojeslojas.png\" alt=\"\" \/>Come\u00e7a hoje a ser vendido o novo iPad da Apple, a terceira vers\u00e3o do tablet que lidera as vendas do segmento em todo o mundo. Portugal n\u00e3o est\u00e1 no leque inicial de pa\u00edses, mas o equipamento ainda c\u00e1 chega este m\u00eas. <a href=\"http:\/\/tek.sapo.pt\/noticias\/computadores\/o_terceiro_ipad_da_apple_chega_hoje_as_lojas_1228543.html\" target=\"_blank\">Mais&#8230;<\/a><\/p>\n<p style=\"text-align: justify;\"><strong>Not\u00edcia relacionada<\/strong>:<br \/>\n<a href=\"http:\/\/exameinformatica.sapo.pt\/noticias\/mercados\/2012\/03\/15\/ipad-na-europa-o-novo-tablet-da-apple-nao-e-4g\" target=\"_blank\">iPad: na Europa, o novo tablet da Apple n\u00e3o<\/a><\/p>\n","protected":false},"excerpt":{"rendered":"<p>Come\u00e7a hoje a ser vendido o novo iPad da Apple, a terceira vers\u00e3o do tablet que lidera as vendas do segmento em todo o mundo. Portugal n\u00e3o est\u00e1 no leque inicial de pa\u00edses, mas o equipamento ainda c\u00e1 chega este m\u00eas. Mais&#8230; Not\u00edcia relacionada: iPad: na Europa, o novo tablet da Apple n\u00e3o<\/p>\n","protected":false},"author":1,"featured_media":0,"comment_status":"closed","ping_status":"closed","sticky":false,"template":"","format":"standard","meta":{"footnotes":""},"categories":[15],"tags":[101,103,576,1625,2105,75],"class_list":["post-4322","post","type-post","status-publish","format-standard","hentry","category-tic-mais","tag-4g","tag-apple","tag-lte","tag-mobile","tag-novo-ipad","tag-tablet"],"_links":{"self":[{"href":"https:\/\/www.ticmais.pt\/index.php?rest_route=\/wp\/v2\/posts\/4322","targetHints":{"allow":["GET"]}}],"collection":[{"href":"https:\/\/www.ticmais.pt\/index.php?rest_route=\/wp\/v2\/posts"}],"about":[{"href":"https:\/\/www.ticmais.pt\/index.php?rest_route=\/wp\/v2\/types\/post"}],"author":[{"embeddable":true,"href":"https:\/\/www.ticmais.pt\/index.php?rest_route=\/wp\/v2\/users\/1"}],"replies":[{"embeddable":true,"href":"https:\/\/www.ticmais.pt\/index.php?rest_route=%2Fwp%2Fv2%2Fcomments&post=4322"}],"version-history":[{"count":0,"href":"https:\/\/www.ticmais.pt\/index.php?rest_route=\/wp\/v2\/posts\/4322\/revisions"}],"wp:attachment":[{"href":"https:\/\/www.ticmais.pt\/index.php?rest_route=%2Fwp%2Fv2%2Fmedia&parent=4322"}],"wp:term":[{"taxonomy":"category","embeddable":true,"href":"https:\/\/www.ticmais.pt\/index.php?rest_route=%2Fwp%2Fv2%2Fcategories&post=4322"},{"taxonomy":"post_tag","embeddable":true,"href":"https:\/\/www.ticmais.pt\/index.php?rest_route=%2Fwp%2Fv2%2Ftags&post=4322"}],"curies":[{"name":"wp","href":"https:\/\/api.w.org\/{rel}","templated":true}]}}