{"id":4359,"date":"2012-04-18T09:00:55","date_gmt":"2012-04-18T09:00:55","guid":{"rendered":"http:\/\/www.ticmais.pt\/?p=4359"},"modified":"2012-04-18T09:00:55","modified_gmt":"2012-04-18T09:00:55","slug":"belgica-quer-dar-trabalho-a-8-mil-portugueses-como-concorrer","status":"publish","type":"post","link":"https:\/\/www.ticmais.pt\/?p=4359","title":{"rendered":"B\u00e9lgica procura portugueses para oito mil vagas de trabalho"},"content":{"rendered":"<p style=\"text-align: justify;\"><img decoding=\"async\" class=\"alignleft\" src=\"\/\/www.ticmais.pt\/ticmais\/imagens\/Blgicaprocuraportuguesesparaoitomilvagasdetrabalho2.png\" alt=\"\" \/>A B\u00e9lgica procura portugueses para ocuparem os cerca de oito mil empregos dispon\u00edves para engenheiros e profissionais de Ci\u00eancia e Tecnologia (C&amp;T) que h\u00e1 nas empresas da regi\u00e3o flamenca. &#8220;S\u00f3 para engenheiros h\u00e1 cerca de tr\u00eas mil vagas, mas, se juntarmos os profissionais do sector da Ci\u00eancia e Tecnologia, as vagas chegam \u00e0s oito mil&#8221;, explicou Gert de Buck, respons\u00e1vel pelo recrutamento internacional da ag\u00eancia de emprego da comunidade flamenga, ao D.E. <a href=\"http:\/\/economico.sapo.pt\/noticias\/belgica-procura-portugueses-para-oito-mil-vagas-de-trabalho_142589.html\" target=\"_blank\">Mais&#8230;<\/a><\/p>\n<p style=\"text-align: justify;\">Se em 2007\u00a0este fen\u00f3meno j\u00e1 era preocupante, ent\u00e3o agora?<br \/>\n<a href=\"http:\/\/www.ticmais.pt\/?p=855\" target=\"_blank\">H\u00e1 que atacar as verdadeiras causas<\/a><\/p>\n","protected":false},"excerpt":{"rendered":"<p>A B\u00e9lgica procura portugueses para ocuparem os cerca de oito mil empregos dispon\u00edves para engenheiros e profissionais de Ci\u00eancia e Tecnologia (C&amp;T) que h\u00e1 nas empresas da regi\u00e3o flamenca. &#8220;S\u00f3 para engenheiros h\u00e1 cerca de tr\u00eas mil vagas, mas, se juntarmos os profissionais do sector da Ci\u00eancia e Tecnologia, as vagas chegam \u00e0s oito mil&#8221;, [&hellip;]<\/p>\n","protected":false},"author":1,"featured_media":0,"comment_status":"closed","ping_status":"closed","sticky":false,"template":"","format":"standard","meta":{"footnotes":""},"categories":[15],"tags":[1841,245,42,43,134,29,1456,132,608],"class_list":["post-4359","post","type-post","status-publish","format-standard","hentry","category-tic-mais","tag-belgica","tag-crise","tag-desemprego","tag-emigracao","tag-emprego","tag-fuga-de-cerebros","tag-jovens","tag-portugal","tag-trabalho"],"_links":{"self":[{"href":"https:\/\/www.ticmais.pt\/index.php?rest_route=\/wp\/v2\/posts\/4359","targetHints":{"allow":["GET"]}}],"collection":[{"href":"https:\/\/www.ticmais.pt\/index.php?rest_route=\/wp\/v2\/posts"}],"about":[{"href":"https:\/\/www.ticmais.pt\/index.php?rest_route=\/wp\/v2\/types\/post"}],"author":[{"embeddable":true,"href":"https:\/\/www.ticmais.pt\/index.php?rest_route=\/wp\/v2\/users\/1"}],"replies":[{"embeddable":true,"href":"https:\/\/www.ticmais.pt\/index.php?rest_route=%2Fwp%2Fv2%2Fcomments&post=4359"}],"version-history":[{"count":0,"href":"https:\/\/www.ticmais.pt\/index.php?rest_route=\/wp\/v2\/posts\/4359\/revisions"}],"wp:attachment":[{"href":"https:\/\/www.ticmais.pt\/index.php?rest_route=%2Fwp%2Fv2%2Fmedia&parent=4359"}],"wp:term":[{"taxonomy":"category","embeddable":true,"href":"https:\/\/www.ticmais.pt\/index.php?rest_route=%2Fwp%2Fv2%2Fcategories&post=4359"},{"taxonomy":"post_tag","embeddable":true,"href":"https:\/\/www.ticmais.pt\/index.php?rest_route=%2Fwp%2Fv2%2Ftags&post=4359"}],"curies":[{"name":"wp","href":"https:\/\/api.w.org\/{rel}","templated":true}]}}