{"id":4363,"date":"2012-04-23T21:02:40","date_gmt":"2012-04-23T21:02:40","guid":{"rendered":"http:\/\/www.ticmais.pt\/?p=4363"},"modified":"2012-04-23T21:02:40","modified_gmt":"2012-04-23T21:02:40","slug":"balao-submarino-para-armazenar-energia-concluido","status":"publish","type":"post","link":"https:\/\/www.ticmais.pt\/?p=4363","title":{"rendered":"Bal\u00e3o submarino para armazenar energia conclu\u00eddo"},"content":{"rendered":"<p><img decoding=\"async\" class=\"alignleft\" src=\"\/\/www.ticmais.pt\/ticmais\/imagens\/Balosubmarinoparaarmazenarenergiaconcludo.png\" alt=\"\" \/>A empresa canadiana Thin Red Line Aerospace concluiu a primeira estrutura submarina que vai armazenar energia. A estrutura, uma esp\u00e9cie de bal\u00e3o de ar, dever\u00e1 ser ancorada no fundo do mar ao largo da Esc\u00f3cia j\u00e1 no pr\u00f3ximo m\u00eas.<br \/>\nA concretizar-se este projeto, a estrutura de ar comprimido ser\u00e1 a primeira, em larga escala, a armazenar energia das mar\u00e9s e das ondas. Os sacos de energia poder\u00e3o ser ancorados a uma profundidade de cerca de 600 metros. <a href=\"http:\/\/tvnet.sapo.pt\/noticias\/Eco_Planeta\/Bal%C3%A3o-submarino-para-armazenar-energia-conclu%C3%ADdo-71330\" target=\"_blank\">Mais&#8230;<\/a><\/p>\n","protected":false},"excerpt":{"rendered":"<p>A empresa canadiana Thin Red Line Aerospace concluiu a primeira estrutura submarina que vai armazenar energia. A estrutura, uma esp\u00e9cie de bal\u00e3o de ar, dever\u00e1 ser ancorada no fundo do mar ao largo da Esc\u00f3cia j\u00e1 no pr\u00f3ximo m\u00eas. A concretizar-se este projeto, a estrutura de ar comprimido ser\u00e1 a primeira, em larga escala, a [&hellip;]<\/p>\n","protected":false},"author":1,"featured_media":0,"comment_status":"closed","ping_status":"closed","sticky":false,"template":"","format":"standard","meta":{"footnotes":""},"categories":[15],"tags":[2138,158,2139,2140,2141],"class_list":["post-4363","post","type-post","status-publish","format-standard","hentry","category-tic-mais","tag-balao","tag-energia","tag-mares","tag-ondas","tag-submarino"],"_links":{"self":[{"href":"https:\/\/www.ticmais.pt\/index.php?rest_route=\/wp\/v2\/posts\/4363","targetHints":{"allow":["GET"]}}],"collection":[{"href":"https:\/\/www.ticmais.pt\/index.php?rest_route=\/wp\/v2\/posts"}],"about":[{"href":"https:\/\/www.ticmais.pt\/index.php?rest_route=\/wp\/v2\/types\/post"}],"author":[{"embeddable":true,"href":"https:\/\/www.ticmais.pt\/index.php?rest_route=\/wp\/v2\/users\/1"}],"replies":[{"embeddable":true,"href":"https:\/\/www.ticmais.pt\/index.php?rest_route=%2Fwp%2Fv2%2Fcomments&post=4363"}],"version-history":[{"count":0,"href":"https:\/\/www.ticmais.pt\/index.php?rest_route=\/wp\/v2\/posts\/4363\/revisions"}],"wp:attachment":[{"href":"https:\/\/www.ticmais.pt\/index.php?rest_route=%2Fwp%2Fv2%2Fmedia&parent=4363"}],"wp:term":[{"taxonomy":"category","embeddable":true,"href":"https:\/\/www.ticmais.pt\/index.php?rest_route=%2Fwp%2Fv2%2Fcategories&post=4363"},{"taxonomy":"post_tag","embeddable":true,"href":"https:\/\/www.ticmais.pt\/index.php?rest_route=%2Fwp%2Fv2%2Ftags&post=4363"}],"curies":[{"name":"wp","href":"https:\/\/api.w.org\/{rel}","templated":true}]}}