{"id":4365,"date":"2012-04-23T21:34:15","date_gmt":"2012-04-23T21:34:15","guid":{"rendered":"http:\/\/www.ticmais.pt\/?p=4365"},"modified":"2012-04-23T21:34:15","modified_gmt":"2012-04-23T21:34:15","slug":"video-lapso-de-tempo-terra-a-noite-a-partir-do-espaco","status":"publish","type":"post","link":"https:\/\/www.ticmais.pt\/?p=4365","title":{"rendered":"V\u00eddeo lapso de tempo \u2013 Terra \u00e0 noite a partir do espa\u00e7o"},"content":{"rendered":"<p><img decoding=\"async\" class=\"alignleft\" src=\"\/\/www.ticmais.pt\/ticmais\/imagens\/VdeolapsodetempoTerranoiteapartirdoespao.png\" alt=\"\" \/>Ontem (22 de Abril) foi comemorado o Dia da Terra. E para celebrar a import\u00e2ncia deste dia, nada melhor que um espetacular v\u00eddeo de lapso de tempo, capturado a partir da Esta\u00e7\u00e3o Espacial Internacional (EEI). <a href=\"http:\/\/www.tecnologiasdeultimogrito.com\/lapso-tempo-terra-noite-espaco\/\" target=\"_blank\">Mais&#8230;<\/a><\/p>\n","protected":false},"excerpt":{"rendered":"<p>Ontem (22 de Abril) foi comemorado o Dia da Terra. E para celebrar a import\u00e2ncia deste dia, nada melhor que um espetacular v\u00eddeo de lapso de tempo, capturado a partir da Esta\u00e7\u00e3o Espacial Internacional (EEI). Mais&#8230;<\/p>\n","protected":false},"author":1,"featured_media":0,"comment_status":"closed","ping_status":"closed","sticky":false,"template":"","format":"standard","meta":{"footnotes":""},"categories":[15],"tags":[2142,2143,223],"class_list":["post-4365","post","type-post","status-publish","format-standard","hentry","category-tic-mais","tag-dia-da-terra","tag-estacao-espacial-internacional","tag-video"],"_links":{"self":[{"href":"https:\/\/www.ticmais.pt\/index.php?rest_route=\/wp\/v2\/posts\/4365","targetHints":{"allow":["GET"]}}],"collection":[{"href":"https:\/\/www.ticmais.pt\/index.php?rest_route=\/wp\/v2\/posts"}],"about":[{"href":"https:\/\/www.ticmais.pt\/index.php?rest_route=\/wp\/v2\/types\/post"}],"author":[{"embeddable":true,"href":"https:\/\/www.ticmais.pt\/index.php?rest_route=\/wp\/v2\/users\/1"}],"replies":[{"embeddable":true,"href":"https:\/\/www.ticmais.pt\/index.php?rest_route=%2Fwp%2Fv2%2Fcomments&post=4365"}],"version-history":[{"count":0,"href":"https:\/\/www.ticmais.pt\/index.php?rest_route=\/wp\/v2\/posts\/4365\/revisions"}],"wp:attachment":[{"href":"https:\/\/www.ticmais.pt\/index.php?rest_route=%2Fwp%2Fv2%2Fmedia&parent=4365"}],"wp:term":[{"taxonomy":"category","embeddable":true,"href":"https:\/\/www.ticmais.pt\/index.php?rest_route=%2Fwp%2Fv2%2Fcategories&post=4365"},{"taxonomy":"post_tag","embeddable":true,"href":"https:\/\/www.ticmais.pt\/index.php?rest_route=%2Fwp%2Fv2%2Ftags&post=4365"}],"curies":[{"name":"wp","href":"https:\/\/api.w.org\/{rel}","templated":true}]}}