{"id":4389,"date":"2012-05-19T00:37:18","date_gmt":"2012-05-19T00:37:18","guid":{"rendered":"http:\/\/www.ticmais.pt\/?p=4389"},"modified":"2012-05-19T00:37:18","modified_gmt":"2012-05-19T00:37:18","slug":"computadores-acelerados-com-3a-geracao-core-da-intel","status":"publish","type":"post","link":"https:\/\/www.ticmais.pt\/?p=4389","title":{"rendered":"Computadores acelerados com 3\u00aa gera\u00e7\u00e3o Core da Intel"},"content":{"rendered":"<p style=\"text-align: justify;\"><img decoding=\"async\" class=\"alignleft\" src=\"\/\/www.ticmais.pt\/ticmais\/imagens\/Computadoresaceleradoscom3geraoCoredaIntel.png\" alt=\"\" \/>Os primeiros equipamentos com a nova gera\u00e7\u00e3o de processadores Core da Intel j\u00e1 come\u00e7aram a chegar \u00e0s lojas e nas pr\u00f3ximas semanas a oferta vai aumentar significativamente. Ultrabooks, Notebooks e Desktops mostram as novas capacidades. <a href=\"http:\/\/tek.sapo.pt\/extras\/montra\/montra_tek_computadores_acelerados_com_3_gera_1243777.html\" target=\"_blank\">Mais&#8230;<\/a><\/p>\n","protected":false},"excerpt":{"rendered":"<p>Os primeiros equipamentos com a nova gera\u00e7\u00e3o de processadores Core da Intel j\u00e1 come\u00e7aram a chegar \u00e0s lojas e nas pr\u00f3ximas semanas a oferta vai aumentar significativamente. Ultrabooks, Notebooks e Desktops mostram as novas capacidades. Mais&#8230;<\/p>\n","protected":false},"author":1,"featured_media":0,"comment_status":"closed","ping_status":"closed","sticky":false,"template":"","format":"standard","meta":{"footnotes":""},"categories":[15],"tags":[678,79,2136,1625,735,490,155,1848],"class_list":["post-4389","post","type-post","status-publish","format-standard","hentry","category-tic-mais","tag-desktops","tag-intel","tag-ivy-bridge","tag-mobile","tag-notebooks","tag-portateis","tag-processadores","tag-ultrabooks"],"_links":{"self":[{"href":"https:\/\/www.ticmais.pt\/index.php?rest_route=\/wp\/v2\/posts\/4389","targetHints":{"allow":["GET"]}}],"collection":[{"href":"https:\/\/www.ticmais.pt\/index.php?rest_route=\/wp\/v2\/posts"}],"about":[{"href":"https:\/\/www.ticmais.pt\/index.php?rest_route=\/wp\/v2\/types\/post"}],"author":[{"embeddable":true,"href":"https:\/\/www.ticmais.pt\/index.php?rest_route=\/wp\/v2\/users\/1"}],"replies":[{"embeddable":true,"href":"https:\/\/www.ticmais.pt\/index.php?rest_route=%2Fwp%2Fv2%2Fcomments&post=4389"}],"version-history":[{"count":0,"href":"https:\/\/www.ticmais.pt\/index.php?rest_route=\/wp\/v2\/posts\/4389\/revisions"}],"wp:attachment":[{"href":"https:\/\/www.ticmais.pt\/index.php?rest_route=%2Fwp%2Fv2%2Fmedia&parent=4389"}],"wp:term":[{"taxonomy":"category","embeddable":true,"href":"https:\/\/www.ticmais.pt\/index.php?rest_route=%2Fwp%2Fv2%2Fcategories&post=4389"},{"taxonomy":"post_tag","embeddable":true,"href":"https:\/\/www.ticmais.pt\/index.php?rest_route=%2Fwp%2Fv2%2Ftags&post=4389"}],"curies":[{"name":"wp","href":"https:\/\/api.w.org\/{rel}","templated":true}]}}