{"id":4442,"date":"2012-06-28T11:42:12","date_gmt":"2012-06-28T11:42:12","guid":{"rendered":"http:\/\/www.ticmais.pt\/?p=4442"},"modified":"2012-06-28T11:42:12","modified_gmt":"2012-06-28T11:42:12","slug":"fundacao-altran-promove-pela-primeira-vez-competicao-nacional","status":"publish","type":"post","link":"https:\/\/www.ticmais.pt\/?p=4442","title":{"rendered":"Funda\u00e7\u00e3o Altran promove pela primeira vez competi\u00e7\u00e3o nacional"},"content":{"rendered":"<p style=\"text-align: justify;\"><img decoding=\"async\" class=\"alignleft\" src=\"\/\/www.ticmais.pt\/ticmais\/imagens\/FundaoAltranpromovepelaprimeiravezcompetionacional1.png\" alt=\"\" \/>A Funda\u00e7\u00e3o Altran abriu ontem, 27 de Junho, as candidaturas para a competi\u00e7\u00e3o nacional em tecnologia e inova\u00e7\u00e3o, com o tema para Portugal \u2018Tecnologia e Inova\u00e7\u00e3o ao Servi\u00e7o da Inclus\u00e3o Social\u2019. O objectivo do concurso \u00e9 promover a inova\u00e7\u00e3o tecnol\u00f3gica para o benef\u00edcio de todos, dinamizar a inova\u00e7\u00e3o e as ideias criativas e apoiar o desenvolvimento e a concretiza\u00e7\u00e3o dos projectos inovadores. Promovido anualmente pela Funda\u00e7\u00e3o Altran, a competi\u00e7\u00e3o acontece pela primeira vez a n\u00edvel nacional, com um tema pr\u00f3prio para Portugal, e o vencedor nacional participa posteriormente na final internacional em Paris. <a href=\"http:\/\/www.cienciapt.net\/pt\/index.php?option=com_content&amp;task=view&amp;id=106726&amp;Itemid=336\" target=\"_blank\">Mais&#8230;<\/a><\/p>\n","protected":false},"excerpt":{"rendered":"<p>A Funda\u00e7\u00e3o Altran abriu ontem, 27 de Junho, as candidaturas para a competi\u00e7\u00e3o nacional em tecnologia e inova\u00e7\u00e3o, com o tema para Portugal \u2018Tecnologia e Inova\u00e7\u00e3o ao Servi\u00e7o da Inclus\u00e3o Social\u2019. O objectivo do concurso \u00e9 promover a inova\u00e7\u00e3o tecnol\u00f3gica para o benef\u00edcio de todos, dinamizar a inova\u00e7\u00e3o e as ideias criativas e apoiar o [&hellip;]<\/p>\n","protected":false},"author":1,"featured_media":0,"comment_status":"closed","ping_status":"closed","sticky":false,"template":"","format":"standard","meta":{"footnotes":""},"categories":[15],"tags":[2209,2210,308,2029,309,22,925,2211,28],"class_list":["post-4442","post","type-post","status-publish","format-standard","hentry","category-tic-mais","tag-altran","tag-competicao","tag-digital","tag-fundacao","tag-inclusao","tag-inovacao","tag-nacional","tag-social","tag-tecnologia"],"_links":{"self":[{"href":"https:\/\/www.ticmais.pt\/index.php?rest_route=\/wp\/v2\/posts\/4442","targetHints":{"allow":["GET"]}}],"collection":[{"href":"https:\/\/www.ticmais.pt\/index.php?rest_route=\/wp\/v2\/posts"}],"about":[{"href":"https:\/\/www.ticmais.pt\/index.php?rest_route=\/wp\/v2\/types\/post"}],"author":[{"embeddable":true,"href":"https:\/\/www.ticmais.pt\/index.php?rest_route=\/wp\/v2\/users\/1"}],"replies":[{"embeddable":true,"href":"https:\/\/www.ticmais.pt\/index.php?rest_route=%2Fwp%2Fv2%2Fcomments&post=4442"}],"version-history":[{"count":0,"href":"https:\/\/www.ticmais.pt\/index.php?rest_route=\/wp\/v2\/posts\/4442\/revisions"}],"wp:attachment":[{"href":"https:\/\/www.ticmais.pt\/index.php?rest_route=%2Fwp%2Fv2%2Fmedia&parent=4442"}],"wp:term":[{"taxonomy":"category","embeddable":true,"href":"https:\/\/www.ticmais.pt\/index.php?rest_route=%2Fwp%2Fv2%2Fcategories&post=4442"},{"taxonomy":"post_tag","embeddable":true,"href":"https:\/\/www.ticmais.pt\/index.php?rest_route=%2Fwp%2Fv2%2Ftags&post=4442"}],"curies":[{"name":"wp","href":"https:\/\/api.w.org\/{rel}","templated":true}]}}