{"id":4446,"date":"2012-06-30T11:03:50","date_gmt":"2012-06-30T11:03:50","guid":{"rendered":"http:\/\/www.ticmais.pt\/?p=4446"},"modified":"2012-06-30T11:03:50","modified_gmt":"2012-06-30T11:03:50","slug":"opiniao-estarao-os-governos-a-cumprir-o-seu-papel-para-alcancarem-as-metas-fixadas-pela-agenda-digital","status":"publish","type":"post","link":"https:\/\/www.ticmais.pt\/?p=4446","title":{"rendered":"Opini\u00e3o: Estar\u00e3o os governos a cumprir o seu papel para alcan\u00e7arem as metas fixadas pela Agenda Digital?"},"content":{"rendered":"<p style=\"text-align: justify;\"><img decoding=\"async\" class=\"alignleft\" src=\"\/\/www.ticmais.pt\/ticmais\/imagens\/EstaroosgovernosacumpriroseupapelparaalcanaremasmetasfixadaspelaAgendaDigital.png\" alt=\"\" \/>A diretora de comunica\u00e7\u00e3o do FTTH Europa faz uma reflex\u00e3o sobre os desafios da agenda digital e a forma como os pa\u00edses europeus est\u00e3o a abra\u00e7ar estas metas, nomeadamente no que se refere \u00e0s redes de nova gera\u00e7\u00e3o. <a href=\"http:\/\/tek.sapo.pt\/opiniao\/opiniao_estarao_os_governos_a_cumprir_o_seu_p_1253365.html\" target=\"_blank\">Mais&#8230;<\/a><\/p>\n<p style=\"text-align: justify;\"><span style=\"color: #ffffff;\">a<\/span><\/p>\n<p style=\"text-align: justify;\"><a href=\"http:\/\/www.ticmais.pt\/?p=1234\"><img decoding=\"async\" src=\"\/\/www.ticmais.pt\/ticmais\/imagens\/ticmaislogomini.png\" alt=\"\" \/><\/a><\/p>\n","protected":false},"excerpt":{"rendered":"<p>A diretora de comunica\u00e7\u00e3o do FTTH Europa faz uma reflex\u00e3o sobre os desafios da agenda digital e a forma como os pa\u00edses europeus est\u00e3o a abra\u00e7ar estas metas, nomeadamente no que se refere \u00e0s redes de nova gera\u00e7\u00e3o. Mais&#8230; a<\/p>\n","protected":false},"author":1,"featured_media":0,"comment_status":"closed","ping_status":"closed","sticky":false,"template":"","format":"standard","meta":{"footnotes":""},"categories":[15],"tags":[130,308,2216,829,2217,86,28],"class_list":["post-4446","post","type-post","status-publish","format-standard","hentry","category-tic-mais","tag-agenda","tag-digital","tag-fibra","tag-ftth","tag-optica","tag-redes","tag-tecnologia"],"_links":{"self":[{"href":"https:\/\/www.ticmais.pt\/index.php?rest_route=\/wp\/v2\/posts\/4446","targetHints":{"allow":["GET"]}}],"collection":[{"href":"https:\/\/www.ticmais.pt\/index.php?rest_route=\/wp\/v2\/posts"}],"about":[{"href":"https:\/\/www.ticmais.pt\/index.php?rest_route=\/wp\/v2\/types\/post"}],"author":[{"embeddable":true,"href":"https:\/\/www.ticmais.pt\/index.php?rest_route=\/wp\/v2\/users\/1"}],"replies":[{"embeddable":true,"href":"https:\/\/www.ticmais.pt\/index.php?rest_route=%2Fwp%2Fv2%2Fcomments&post=4446"}],"version-history":[{"count":0,"href":"https:\/\/www.ticmais.pt\/index.php?rest_route=\/wp\/v2\/posts\/4446\/revisions"}],"wp:attachment":[{"href":"https:\/\/www.ticmais.pt\/index.php?rest_route=%2Fwp%2Fv2%2Fmedia&parent=4446"}],"wp:term":[{"taxonomy":"category","embeddable":true,"href":"https:\/\/www.ticmais.pt\/index.php?rest_route=%2Fwp%2Fv2%2Fcategories&post=4446"},{"taxonomy":"post_tag","embeddable":true,"href":"https:\/\/www.ticmais.pt\/index.php?rest_route=%2Fwp%2Fv2%2Ftags&post=4446"}],"curies":[{"name":"wp","href":"https:\/\/api.w.org\/{rel}","templated":true}]}}