{"id":4503,"date":"2012-08-29T19:21:10","date_gmt":"2012-08-29T19:21:10","guid":{"rendered":"http:\/\/www.ticmais.pt\/?p=4503"},"modified":"2012-08-29T19:21:10","modified_gmt":"2012-08-29T19:21:10","slug":"trabalhadores-da-rtp-unidos-contra-a-concessao-da-empresa","status":"publish","type":"post","link":"https:\/\/www.ticmais.pt\/?p=4503","title":{"rendered":"Trabalhadores da RTP unidos contra a concess\u00e3o da empresa"},"content":{"rendered":"<p style=\"text-align: justify;\"><img decoding=\"async\" class=\"alignleft\" src=\"\/\/www.ticmais.pt\/ticmais\/imagens\/TrabalhadoresdaRTPunidoscontraaconcessodaempresa.jpg\" alt=\"\" \/>Os trabalhadores da RTP pretendem que a &#8220;negociata\u201d que levar\u00e1 \u00e0 concess\u00e3o da empresa p\u00fablica seja imediatamente interrompida. A decis\u00e3o saiu do plen\u00e1rio de trabalhadores, que reuniu cerca de 400 funcion\u00e1rios ao in\u00edcio da tarde desta quarta-feira, prometendo novas formas de luta para breve, a ser definidas por um comit\u00e9 de luta criado no plen\u00e1rio de trabalhadores. <a href=\"http:\/\/www.publico.pt\/Pol%C3%ADtica\/trabalhadores-da-rtp-unidos-contra-a-concessao-da-empresa-1560907\" target=\"_blank\">Mais&#8230;<\/a><\/p>\n","protected":false},"excerpt":{"rendered":"<p>Os trabalhadores da RTP pretendem que a &#8220;negociata\u201d que levar\u00e1 \u00e0 concess\u00e3o da empresa p\u00fablica seja imediatamente interrompida. A decis\u00e3o saiu do plen\u00e1rio de trabalhadores, que reuniu cerca de 400 funcion\u00e1rios ao in\u00edcio da tarde desta quarta-feira, prometendo novas formas de luta para breve, a ser definidas por um comit\u00e9 de luta criado no plen\u00e1rio [&hellip;]<\/p>\n","protected":false},"author":1,"featured_media":0,"comment_status":"closed","ping_status":"closed","sticky":false,"template":"","format":"standard","meta":{"footnotes":""},"categories":[15],"tags":[2280,2281,2282],"class_list":["post-4503","post","type-post","status-publish","format-standard","hentry","category-tic-mais","tag-comissao-de-trabalhadores","tag-concessao","tag-rtp"],"_links":{"self":[{"href":"https:\/\/www.ticmais.pt\/index.php?rest_route=\/wp\/v2\/posts\/4503","targetHints":{"allow":["GET"]}}],"collection":[{"href":"https:\/\/www.ticmais.pt\/index.php?rest_route=\/wp\/v2\/posts"}],"about":[{"href":"https:\/\/www.ticmais.pt\/index.php?rest_route=\/wp\/v2\/types\/post"}],"author":[{"embeddable":true,"href":"https:\/\/www.ticmais.pt\/index.php?rest_route=\/wp\/v2\/users\/1"}],"replies":[{"embeddable":true,"href":"https:\/\/www.ticmais.pt\/index.php?rest_route=%2Fwp%2Fv2%2Fcomments&post=4503"}],"version-history":[{"count":0,"href":"https:\/\/www.ticmais.pt\/index.php?rest_route=\/wp\/v2\/posts\/4503\/revisions"}],"wp:attachment":[{"href":"https:\/\/www.ticmais.pt\/index.php?rest_route=%2Fwp%2Fv2%2Fmedia&parent=4503"}],"wp:term":[{"taxonomy":"category","embeddable":true,"href":"https:\/\/www.ticmais.pt\/index.php?rest_route=%2Fwp%2Fv2%2Fcategories&post=4503"},{"taxonomy":"post_tag","embeddable":true,"href":"https:\/\/www.ticmais.pt\/index.php?rest_route=%2Fwp%2Fv2%2Ftags&post=4503"}],"curies":[{"name":"wp","href":"https:\/\/api.w.org\/{rel}","templated":true}]}}