{"id":4522,"date":"2012-09-10T13:47:59","date_gmt":"2012-09-10T13:47:59","guid":{"rendered":"http:\/\/www.ticmais.pt\/?p=4522"},"modified":"2012-09-10T13:47:59","modified_gmt":"2012-09-10T13:47:59","slug":"passos-coelho-pos-as-redes-sociais-a-ferver","status":"publish","type":"post","link":"https:\/\/www.ticmais.pt\/?p=4522","title":{"rendered":"Passos Coelho p\u00f4s as redes sociais a ferver"},"content":{"rendered":"<p style=\"text-align: justify;\"><img decoding=\"async\" class=\"alignleft\" src=\"\/\/www.ticmais.pt\/ticmais\/imagens\/PassosCoelhopsasredessociaisaferver.jpg\" alt=\"\" \/>Na sexta-feira, quando Passos Coelho anunciou as novas medidas de austeridade, o n\u00famero total de tweets superou a m\u00e9dia di\u00e1ria. Foram 31.400 as mensagens partilhadas no Twitter por utilizadores portugueses. Durante o fim-de-semana a discuss\u00e3o manteve-se. <a href=\"http:\/\/economia.publico.pt\/noticia\/passos-coelho-pos-as-redes-sociais-a-ferver-1562316\" target=\"_blank\">Mais&#8230;<\/a><\/p>\n<p style=\"text-align: justify;\"><strong>Not\u00edcia relacionada:<\/strong><br \/>\n<a href=\"http:\/\/economico.sapo.pt\/noticias\/saiba-quanto-vai-perder-com-as-novas-medidas-de-austeridade_151426.html\" target=\"_blank\">Saiba quanto vai perder com as novas medidas de austeridade<\/a><\/p>\n","protected":false},"excerpt":{"rendered":"<p>Na sexta-feira, quando Passos Coelho anunciou as novas medidas de austeridade, o n\u00famero total de tweets superou a m\u00e9dia di\u00e1ria. Foram 31.400 as mensagens partilhadas no Twitter por utilizadores portugueses. Durante o fim-de-semana a discuss\u00e3o manteve-se. Mais&#8230; Not\u00edcia relacionada: Saiba quanto vai perder com as novas medidas de austeridade<\/p>\n","protected":false},"author":1,"featured_media":0,"comment_status":"closed","ping_status":"closed","sticky":false,"template":"","format":"standard","meta":{"footnotes":""},"categories":[15],"tags":[2064,2306,2307,132,2308],"class_list":["post-4522","post","type-post","status-publish","format-standard","hentry","category-tic-mais","tag-austeridade","tag-empobrecimento","tag-pacos-coelho","tag-portugal","tag-primeiro-ministro"],"_links":{"self":[{"href":"https:\/\/www.ticmais.pt\/index.php?rest_route=\/wp\/v2\/posts\/4522","targetHints":{"allow":["GET"]}}],"collection":[{"href":"https:\/\/www.ticmais.pt\/index.php?rest_route=\/wp\/v2\/posts"}],"about":[{"href":"https:\/\/www.ticmais.pt\/index.php?rest_route=\/wp\/v2\/types\/post"}],"author":[{"embeddable":true,"href":"https:\/\/www.ticmais.pt\/index.php?rest_route=\/wp\/v2\/users\/1"}],"replies":[{"embeddable":true,"href":"https:\/\/www.ticmais.pt\/index.php?rest_route=%2Fwp%2Fv2%2Fcomments&post=4522"}],"version-history":[{"count":0,"href":"https:\/\/www.ticmais.pt\/index.php?rest_route=\/wp\/v2\/posts\/4522\/revisions"}],"wp:attachment":[{"href":"https:\/\/www.ticmais.pt\/index.php?rest_route=%2Fwp%2Fv2%2Fmedia&parent=4522"}],"wp:term":[{"taxonomy":"category","embeddable":true,"href":"https:\/\/www.ticmais.pt\/index.php?rest_route=%2Fwp%2Fv2%2Fcategories&post=4522"},{"taxonomy":"post_tag","embeddable":true,"href":"https:\/\/www.ticmais.pt\/index.php?rest_route=%2Fwp%2Fv2%2Ftags&post=4522"}],"curies":[{"name":"wp","href":"https:\/\/api.w.org\/{rel}","templated":true}]}}