{"id":4525,"date":"2012-09-12T13:06:34","date_gmt":"2012-09-12T13:06:34","guid":{"rendered":"http:\/\/www.ticmais.pt\/?p=4525"},"modified":"2012-09-12T13:06:34","modified_gmt":"2012-09-12T13:06:34","slug":"redes-sociais-inundadas-de-criticas-a-passos-coelho","status":"publish","type":"post","link":"https:\/\/www.ticmais.pt\/?p=4525","title":{"rendered":"Redes sociais inundadas de cr\u00edticas a Passos Coelho"},"content":{"rendered":"<p style=\"text-align: justify;\"><img decoding=\"async\" class=\"alignleft\" src=\"\/\/www.ticmais.pt\/ticmais\/imagens\/RedessociaisinundadasdecrticasaPassosCoelho.png\" alt=\"\" \/>As redes sociais est\u00e3o a assumir um papel cada vez mais importante na pol\u00edtica, como meio de comunicar com os eleitores mas tamb\u00e9m como forma de express\u00e3o de sentimentos face a an\u00fancios de novas medidas. Foi o que aconteceu este fim de semana em Portugal, logo depois do primeiro-ministro Passos Coelho ter anunciado a subida das contribui\u00e7\u00f5es dos trabalhadores para a Seguran\u00e7a Social. <a href=\"http:\/\/tek.sapo.pt\/noticias\/internet\/redes_sociais_inundadas_de_criticas_a_passos_1269011.html\" target=\"_blank\">Mais&#8230;<\/a><\/p>\n<p style=\"text-align: justify;\"><strong>Not\u00edcias relacionadas:<\/strong><br \/>\n<a href=\"http:\/\/sol.sapo.pt\/inicio\/Economia\/Interior.aspx?content_id=58861\" target=\"_blank\">Cortes nas PPP mais caros para o Estado<\/a><br \/>\n<a href=\"http:\/\/expresso.sapo.pt\/vitor-gaspar-reconhece-defice-real-superior-a-6=f752729\" target=\"_blank\">Vitor Gaspar reconhece d\u00e9fice real superior a 6%<\/a><\/p>\n<p style=\"text-align: justify;\">\n","protected":false},"excerpt":{"rendered":"<p>As redes sociais est\u00e3o a assumir um papel cada vez mais importante na pol\u00edtica, como meio de comunicar com os eleitores mas tamb\u00e9m como forma de express\u00e3o de sentimentos face a an\u00fancios de novas medidas. Foi o que aconteceu este fim de semana em Portugal, logo depois do primeiro-ministro Passos Coelho ter anunciado a subida [&hellip;]<\/p>\n","protected":false},"author":1,"featured_media":0,"comment_status":"closed","ping_status":"closed","sticky":false,"template":"","format":"standard","meta":{"footnotes":""},"categories":[15],"tags":[768,2311,2307,153,267],"class_list":["post-4525","post","type-post","status-publish","format-standard","hentry","category-tic-mais","tag-facebook","tag-marktest","tag-pacos-coelho","tag-redes-sociais","tag-twitter"],"_links":{"self":[{"href":"https:\/\/www.ticmais.pt\/index.php?rest_route=\/wp\/v2\/posts\/4525","targetHints":{"allow":["GET"]}}],"collection":[{"href":"https:\/\/www.ticmais.pt\/index.php?rest_route=\/wp\/v2\/posts"}],"about":[{"href":"https:\/\/www.ticmais.pt\/index.php?rest_route=\/wp\/v2\/types\/post"}],"author":[{"embeddable":true,"href":"https:\/\/www.ticmais.pt\/index.php?rest_route=\/wp\/v2\/users\/1"}],"replies":[{"embeddable":true,"href":"https:\/\/www.ticmais.pt\/index.php?rest_route=%2Fwp%2Fv2%2Fcomments&post=4525"}],"version-history":[{"count":0,"href":"https:\/\/www.ticmais.pt\/index.php?rest_route=\/wp\/v2\/posts\/4525\/revisions"}],"wp:attachment":[{"href":"https:\/\/www.ticmais.pt\/index.php?rest_route=%2Fwp%2Fv2%2Fmedia&parent=4525"}],"wp:term":[{"taxonomy":"category","embeddable":true,"href":"https:\/\/www.ticmais.pt\/index.php?rest_route=%2Fwp%2Fv2%2Fcategories&post=4525"},{"taxonomy":"post_tag","embeddable":true,"href":"https:\/\/www.ticmais.pt\/index.php?rest_route=%2Fwp%2Fv2%2Ftags&post=4525"}],"curies":[{"name":"wp","href":"https:\/\/api.w.org\/{rel}","templated":true}]}}