{"id":4530,"date":"2012-09-15T09:11:25","date_gmt":"2012-09-15T09:11:25","guid":{"rendered":"http:\/\/www.ticmais.pt\/?p=4530"},"modified":"2012-09-15T09:11:25","modified_gmt":"2012-09-15T09:11:25","slug":"intel-demonstra-primeiro-radio-digital-integrado-num-chip-de-silicio","status":"publish","type":"post","link":"https:\/\/www.ticmais.pt\/?p=4530","title":{"rendered":"Intel demonstra primeiro r\u00e1dio digital integrado num chip de sil\u00edcio"},"content":{"rendered":"<p><img decoding=\"async\" class=\"alignleft\" src=\"\/\/www.ticmais.pt\/ticmais\/imagens\/Inteldemonstraprimeirordiodigitalintegradonumchipdesilcio.jpg\" alt=\"\" \/><\/p>\n<p style=\"text-align: justify;\">A Intel apresentou e demonstrou o primeiro r\u00e1dio totalmente digital, que vai permitir integrar o Wi-Fi nos processadores.<br \/>\nMuitos consideravam que eram imposs\u00edvel, mas a Intel demonstrou um r\u00e1dio totalmente digital, incluindo o modulador de frequ\u00eancias, componente que, at\u00e9 agora, sempre foi anal\u00f3gico. <a href=\"http:\/\/exameinformatica.sapo.pt\/noticias\/hardware\/2012\/09\/14\/intel-demonstra-primeiro-radio-digital-integrado-num-chip-de-silicio\" target=\"_blank\">Mais&#8230;<\/a><\/p>\n","protected":false},"excerpt":{"rendered":"<p>A Intel apresentou e demonstrou o primeiro r\u00e1dio totalmente digital, que vai permitir integrar o Wi-Fi nos processadores. Muitos consideravam que eram imposs\u00edvel, mas a Intel demonstrou um r\u00e1dio totalmente digital, incluindo o modulador de frequ\u00eancias, componente que, at\u00e9 agora, sempre foi anal\u00f3gico. Mais&#8230;<\/p>\n","protected":false},"author":1,"featured_media":0,"comment_status":"closed","ping_status":"closed","sticky":false,"template":"","format":"standard","meta":{"footnotes":""},"categories":[15],"tags":[751,308,79,155,1932,96],"class_list":["post-4530","post","type-post","status-publish","format-standard","hentry","category-tic-mais","tag-chips","tag-digital","tag-intel","tag-processadores","tag-radio","tag-wifi"],"_links":{"self":[{"href":"https:\/\/www.ticmais.pt\/index.php?rest_route=\/wp\/v2\/posts\/4530","targetHints":{"allow":["GET"]}}],"collection":[{"href":"https:\/\/www.ticmais.pt\/index.php?rest_route=\/wp\/v2\/posts"}],"about":[{"href":"https:\/\/www.ticmais.pt\/index.php?rest_route=\/wp\/v2\/types\/post"}],"author":[{"embeddable":true,"href":"https:\/\/www.ticmais.pt\/index.php?rest_route=\/wp\/v2\/users\/1"}],"replies":[{"embeddable":true,"href":"https:\/\/www.ticmais.pt\/index.php?rest_route=%2Fwp%2Fv2%2Fcomments&post=4530"}],"version-history":[{"count":0,"href":"https:\/\/www.ticmais.pt\/index.php?rest_route=\/wp\/v2\/posts\/4530\/revisions"}],"wp:attachment":[{"href":"https:\/\/www.ticmais.pt\/index.php?rest_route=%2Fwp%2Fv2%2Fmedia&parent=4530"}],"wp:term":[{"taxonomy":"category","embeddable":true,"href":"https:\/\/www.ticmais.pt\/index.php?rest_route=%2Fwp%2Fv2%2Fcategories&post=4530"},{"taxonomy":"post_tag","embeddable":true,"href":"https:\/\/www.ticmais.pt\/index.php?rest_route=%2Fwp%2Fv2%2Ftags&post=4530"}],"curies":[{"name":"wp","href":"https:\/\/api.w.org\/{rel}","templated":true}]}}