{"id":4539,"date":"2012-09-20T20:32:48","date_gmt":"2012-09-20T20:32:48","guid":{"rendered":"http:\/\/www.ticmais.pt\/?p=4539"},"modified":"2012-09-20T20:32:48","modified_gmt":"2012-09-20T20:32:48","slug":"intel-marca-evento-para-mostrar-tablets-windows-8","status":"publish","type":"post","link":"https:\/\/www.ticmais.pt\/?p=4539","title":{"rendered":"Intel marca evento para mostrar tablets Windows 8"},"content":{"rendered":"<p><img decoding=\"async\" class=\"alignleft\" src=\"\/\/www.ticmais.pt\/ticmais\/imagens\/IntelmarcaeventoparamostrartabletsWindows8.jpg\" alt=\"\" \/><\/p>\n<p style=\"text-align: justify;\">Setembro \u00e9, sem d\u00favida, o maior m\u00eas de sempre que tivemos de eventos para apresentar novos dispositivos e novidades. Para terminar, ou n\u00e3o, a Intel marcou para dia 27 de Setembro, evento para mostrar <em>tablets<\/em> Windows 8. <a href=\"http:\/\/www.tecnologia.com.pt\/2012\/09\/intel-marca-evento-para-mostrar-tablets-windows-8\/\" target=\"_blank\">Mais&#8230;<\/a><\/p>\n","protected":false},"excerpt":{"rendered":"<p>Setembro \u00e9, sem d\u00favida, o maior m\u00eas de sempre que tivemos de eventos para apresentar novos dispositivos e novidades. Para terminar, ou n\u00e3o, a Intel marcou para dia 27 de Setembro, evento para mostrar tablets Windows 8. Mais&#8230;<\/p>\n","protected":false},"author":1,"featured_media":0,"comment_status":"closed","ping_status":"closed","sticky":false,"template":"","format":"standard","meta":{"footnotes":""},"categories":[15],"tags":[1380,79,1707,1224],"class_list":["post-4539","post","type-post","status-publish","format-standard","hentry","category-tic-mais","tag-evento","tag-intel","tag-tablets","tag-windows-8"],"_links":{"self":[{"href":"https:\/\/www.ticmais.pt\/index.php?rest_route=\/wp\/v2\/posts\/4539","targetHints":{"allow":["GET"]}}],"collection":[{"href":"https:\/\/www.ticmais.pt\/index.php?rest_route=\/wp\/v2\/posts"}],"about":[{"href":"https:\/\/www.ticmais.pt\/index.php?rest_route=\/wp\/v2\/types\/post"}],"author":[{"embeddable":true,"href":"https:\/\/www.ticmais.pt\/index.php?rest_route=\/wp\/v2\/users\/1"}],"replies":[{"embeddable":true,"href":"https:\/\/www.ticmais.pt\/index.php?rest_route=%2Fwp%2Fv2%2Fcomments&post=4539"}],"version-history":[{"count":0,"href":"https:\/\/www.ticmais.pt\/index.php?rest_route=\/wp\/v2\/posts\/4539\/revisions"}],"wp:attachment":[{"href":"https:\/\/www.ticmais.pt\/index.php?rest_route=%2Fwp%2Fv2%2Fmedia&parent=4539"}],"wp:term":[{"taxonomy":"category","embeddable":true,"href":"https:\/\/www.ticmais.pt\/index.php?rest_route=%2Fwp%2Fv2%2Fcategories&post=4539"},{"taxonomy":"post_tag","embeddable":true,"href":"https:\/\/www.ticmais.pt\/index.php?rest_route=%2Fwp%2Fv2%2Ftags&post=4539"}],"curies":[{"name":"wp","href":"https:\/\/api.w.org\/{rel}","templated":true}]}}