{"id":4552,"date":"2012-10-02T11:48:30","date_gmt":"2012-10-02T11:48:30","guid":{"rendered":"http:\/\/www.ticmais.pt\/?p=4552"},"modified":"2012-10-02T11:48:30","modified_gmt":"2012-10-02T11:48:30","slug":"rumor-ipad-mini-pode-se-tornar-oficial-no-dia-17-de-outubro","status":"publish","type":"post","link":"https:\/\/www.ticmais.pt\/?p=4552","title":{"rendered":"iPad Mini poder\u00e1 ser lan\u00e7ado a 17 de Outubro"},"content":{"rendered":"<p><img decoding=\"async\" class=\"alignleft\" src=\"\/\/www.ticmais.pt\/ticmais\/imagens\/iPadMinipoderserlanadoa17deOutubro.png\" alt=\"\" \/><\/p>\n<p style=\"text-align: justify;\">A Apple volta a estar no centro das aten\u00e7\u00f5es, agora por causa do <em>iPad<\/em>. Depois de ter lan\u00e7ado o <em>iPhone 5<\/em> \u00e9 a vez da vers\u00e3o mini do seu <em>tablet PC<\/em> que dever\u00e1 chegar ao mercado a 17 de Outubro, segundo a Fortune. <a href=\"http:\/\/www.jornaldenegocios.pt\/home.php?template=SHOWNEWS_V2&amp;id=581723\" target=\"_blank\">Mais&#8230;<\/a><\/p>\n<p style=\"text-align: justify;\"><span style=\"color: #ffffff;\">a<\/span><\/p>\n<p style=\"text-align: justify;\"><a href=\"http:\/\/www.ticmais.pt\/?p=1234\"><img decoding=\"async\" src=\"\/\/www.ticmais.pt\/ticmais\/imagens\/ticmaislogomini.png\" alt=\"\" \/><\/a><\/p>\n","protected":false},"excerpt":{"rendered":"<p>A Apple volta a estar no centro das aten\u00e7\u00f5es, agora por causa do iPad. Depois de ter lan\u00e7ado o iPhone 5 \u00e9 a vez da vers\u00e3o mini do seu tablet PC que dever\u00e1 chegar ao mercado a 17 de Outubro, segundo a Fortune. Mais&#8230; a<\/p>\n","protected":false},"author":1,"featured_media":0,"comment_status":"closed","ping_status":"closed","sticky":false,"template":"","format":"standard","meta":{"footnotes":""},"categories":[15],"tags":[103,2338,1120,1609],"class_list":["post-4552","post","type-post","status-publish","format-standard","hentry","category-tic-mais","tag-apple","tag-ipad-mini","tag-lancamento","tag-rumor"],"_links":{"self":[{"href":"https:\/\/www.ticmais.pt\/index.php?rest_route=\/wp\/v2\/posts\/4552","targetHints":{"allow":["GET"]}}],"collection":[{"href":"https:\/\/www.ticmais.pt\/index.php?rest_route=\/wp\/v2\/posts"}],"about":[{"href":"https:\/\/www.ticmais.pt\/index.php?rest_route=\/wp\/v2\/types\/post"}],"author":[{"embeddable":true,"href":"https:\/\/www.ticmais.pt\/index.php?rest_route=\/wp\/v2\/users\/1"}],"replies":[{"embeddable":true,"href":"https:\/\/www.ticmais.pt\/index.php?rest_route=%2Fwp%2Fv2%2Fcomments&post=4552"}],"version-history":[{"count":0,"href":"https:\/\/www.ticmais.pt\/index.php?rest_route=\/wp\/v2\/posts\/4552\/revisions"}],"wp:attachment":[{"href":"https:\/\/www.ticmais.pt\/index.php?rest_route=%2Fwp%2Fv2%2Fmedia&parent=4552"}],"wp:term":[{"taxonomy":"category","embeddable":true,"href":"https:\/\/www.ticmais.pt\/index.php?rest_route=%2Fwp%2Fv2%2Fcategories&post=4552"},{"taxonomy":"post_tag","embeddable":true,"href":"https:\/\/www.ticmais.pt\/index.php?rest_route=%2Fwp%2Fv2%2Ftags&post=4552"}],"curies":[{"name":"wp","href":"https:\/\/api.w.org\/{rel}","templated":true}]}}