{"id":4562,"date":"2012-10-08T22:34:22","date_gmt":"2012-10-08T22:34:22","guid":{"rendered":"http:\/\/www.ticmais.pt\/?p=4562"},"modified":"2012-10-08T22:34:22","modified_gmt":"2012-10-08T22:34:22","slug":"europa-esta-a-perder-o-comboio-da-fibra-otica","status":"publish","type":"post","link":"https:\/\/www.ticmais.pt\/?p=4562","title":{"rendered":"Europa est\u00e1 a perder o comboio da fibra \u00f3tica"},"content":{"rendered":"<p><img decoding=\"async\" class=\"alignleft\" src=\"\/\/www.ticmais.pt\/ticmais\/imagens\/Europaestaperderocomboiodafibratica.png\" alt=\"\" \/><\/p>\n<p style=\"text-align: justify;\">A Europa est\u00e1 a ficar para tr\u00e1s na fibra \u00f3tica. Nas principais economias da regi\u00e3o os n\u00fameros mostram eu h\u00e1 um longo caminho a percorrer at\u00e9 levar a banda muito larga \u00e0 maioria dos cidad\u00e3os e empresas. <a href=\"http:\/\/tek.sapo.pt\/noticias\/telecomunicacoes\/europa_esta_a_perder_o_comboio_da_fibra_otica_1274622.html\" target=\"_blank\">Mais&#8230;<\/a><\/p>\n<p style=\"text-align: justify;\"><span style=\"color: #ffffff;\">a<\/span><\/p>\n<p style=\"text-align: justify;\"><a href=\"http:\/\/www.ticmais.pt\/?p=1234\"><img decoding=\"async\" src=\"\/\/www.ticmais.pt\/ticmais\/imagens\/ticmaislogomini.png\" alt=\"\" \/><\/a><\/p>\n","protected":false},"excerpt":{"rendered":"<p>A Europa est\u00e1 a ficar para tr\u00e1s na fibra \u00f3tica. Nas principais economias da regi\u00e3o os n\u00fameros mostram eu h\u00e1 um longo caminho a percorrer at\u00e9 levar a banda muito larga \u00e0 maioria dos cidad\u00e3os e empresas. Mais&#8230; a<\/p>\n","protected":false},"author":1,"featured_media":0,"comment_status":"closed","ping_status":"closed","sticky":false,"template":"","format":"standard","meta":{"footnotes":""},"categories":[15],"tags":[500,559,124],"class_list":["post-4562","post","type-post","status-publish","format-standard","hentry","category-tic-mais","tag-cobertura","tag-europa","tag-fibra-optica"],"_links":{"self":[{"href":"https:\/\/www.ticmais.pt\/index.php?rest_route=\/wp\/v2\/posts\/4562","targetHints":{"allow":["GET"]}}],"collection":[{"href":"https:\/\/www.ticmais.pt\/index.php?rest_route=\/wp\/v2\/posts"}],"about":[{"href":"https:\/\/www.ticmais.pt\/index.php?rest_route=\/wp\/v2\/types\/post"}],"author":[{"embeddable":true,"href":"https:\/\/www.ticmais.pt\/index.php?rest_route=\/wp\/v2\/users\/1"}],"replies":[{"embeddable":true,"href":"https:\/\/www.ticmais.pt\/index.php?rest_route=%2Fwp%2Fv2%2Fcomments&post=4562"}],"version-history":[{"count":0,"href":"https:\/\/www.ticmais.pt\/index.php?rest_route=\/wp\/v2\/posts\/4562\/revisions"}],"wp:attachment":[{"href":"https:\/\/www.ticmais.pt\/index.php?rest_route=%2Fwp%2Fv2%2Fmedia&parent=4562"}],"wp:term":[{"taxonomy":"category","embeddable":true,"href":"https:\/\/www.ticmais.pt\/index.php?rest_route=%2Fwp%2Fv2%2Fcategories&post=4562"},{"taxonomy":"post_tag","embeddable":true,"href":"https:\/\/www.ticmais.pt\/index.php?rest_route=%2Fwp%2Fv2%2Ftags&post=4562"}],"curies":[{"name":"wp","href":"https:\/\/api.w.org\/{rel}","templated":true}]}}